{"id":75909,"date":"2022-05-09T23:35:23","date_gmt":"2022-05-10T04:35:23","guid":{"rendered":"http:\/\/diariodigitalmx.com\/?p=75909"},"modified":"2022-05-09T23:36:02","modified_gmt":"2022-05-10T04:36:02","slug":"reconoce-cuerpo-de-su-hija-papa-de-yolanda","status":"publish","type":"post","link":"https:\/\/diariodigitalmx.com\/index.php\/2022\/05\/09\/reconoce-cuerpo-de-su-hija-papa-de-yolanda\/","title":{"rendered":"Reconoce cuerpo de su hija, pap\u00e1 de Yolanda"},"content":{"rendered":"\n<p><br>Monterrey &#8211; Gerardo Mart\u00ednez reconoci\u00f3 en el anfiteatro del Hospital Universitario, el cuerpo de su hija Yolanda Mart\u00ednez Cadena.<\/p>\n\n\n\n<p>Mientras tanto, continuar\u00e1 el trabajo relativo a la autopsia, y llevar\u00e1 algunas d\u00edas, toda vez que el cuerpo en estado de descomposici\u00f3n no se encuentra en las mejores condiciones para ello, inform\u00f3 el Vicefiscal Luis Enrique Orozco.<\/p>\n\n\n\n<p>Inclusive el funcionario adelant\u00f3 que vendr\u00e1n especialistas nacionales e internacionales para colaborar en la autopsia y tener mejores resultados.<\/p>\n\n\n\n<p>El cuerpo presentaba algo de cabello y se har\u00e1 una prueba capilar para saber si consumi\u00f3 alguna sustancia t\u00f3xica o de otra naturaleza que pudiera ser la causa de la muerte.<\/p>\n\n\n\n<p>Orozco tambi\u00e9n coment\u00f3 que se encontraron entre las pertenec\u00edas dos peque\u00f1os recipientes con la palabra peligro, por lo que ser\u00e1n sometidos a prueba e investigaci\u00f3n para determinar su contenido.<\/p>\n\n\n\n<p>El funcionario y la titular de la Fiscal\u00eda Especializada en Feminicidios y Delitos contra las Mujeres, Griselda N\u00fa\u00f1ez, acompa\u00f1aron al Semefo al pap\u00e1 y a un hermano de la joven de 26 a\u00f1os, cuyo cuerpo se encontr\u00f3 la noche del domingo en una \u00e1rea de monte del municipio de Ju\u00e1rez.<\/p>\n\n\n\n<p>El Vicefiscal dijo que en principio, el cuerpo no presenta fractura o golpe algunos, y coment\u00f3 que estaba pr\u00e1cticamente bocabajo, ligeramente de lado y con la cabeza sobre una bolsa, que despu\u00e9s su padre confirm\u00f3 es de ella.<\/p>\n\n\n\n<p>Una segunda autopsia<\/p>\n\n\n\n<p>Gerardo Mart\u00ednez inform\u00f3 a su vez que buscar\u00e1 que se haga una segunda autopsia al cuerpo de su hija por medio de especialistas particulares.<\/p>\n\n\n\n<p>A\u00f1adi\u00f3 que al observar el cuerpo de su hija si corresponde, pero igual, buscar\u00e1 una prueba m\u00e1s.<\/p>\n\n\n\n<p>Tambi\u00e9n agradeci\u00f3 a todas las personas que le ayudaron en las jornadas de b\u00fasqueda de Yolanda.<\/p>\n","protected":false},"excerpt":{"rendered":"<p>Monterrey &#8211; Gerardo Mart\u00ednez reconoci\u00f3 en el anfiteatro del Hospital Universitario, el cuerpo de su hija Yolanda Mart\u00ednez Cadena. Mientras tanto, continuar\u00e1 el trabajo relativo a la autopsia, y llevar\u00e1 algunas d\u00edas, toda vez que el cuerpo en estado de descomposici\u00f3n no se encuentra en las mejores condiciones para ello, inform\u00f3 el Vicefiscal Luis Enrique [&hellip;]<\/p>\n","protected":false},"author":1,"featured_media":75911,"comment_status":"open","ping_status":"open","sticky":true,"template":"","format":"standard","meta":{"footnotes":""},"categories":[6,3],"tags":[],"_links":{"self":[{"href":"https:\/\/diariodigitalmx.com\/index.php\/wp-json\/wp\/v2\/posts\/75909"}],"collection":[{"href":"https:\/\/diariodigitalmx.com\/index.php\/wp-json\/wp\/v2\/posts"}],"about":[{"href":"https:\/\/diariodigitalmx.com\/index.php\/wp-json\/wp\/v2\/types\/post"}],"author":[{"embeddable":true,"href":"https:\/\/diariodigitalmx.com\/index.php\/wp-json\/wp\/v2\/users\/1"}],"replies":[{"embeddable":true,"href":"https:\/\/diariodigitalmx.com\/index.php\/wp-json\/wp\/v2\/comments?post=75909"}],"version-history":[{"count":1,"href":"https:\/\/diariodigitalmx.com\/index.php\/wp-json\/wp\/v2\/posts\/75909\/revisions"}],"predecessor-version":[{"id":75910,"href":"https:\/\/diariodigitalmx.com\/index.php\/wp-json\/wp\/v2\/posts\/75909\/revisions\/75910"}],"wp:featuredmedia":[{"embeddable":true,"href":"https:\/\/diariodigitalmx.com\/index.php\/wp-json\/wp\/v2\/media\/75911"}],"wp:attachment":[{"href":"https:\/\/diariodigitalmx.com\/index.php\/wp-json\/wp\/v2\/media?parent=75909"}],"wp:term":[{"taxonomy":"category","embeddable":true,"href":"https:\/\/diariodigitalmx.com\/index.php\/wp-json\/wp\/v2\/categories?post=75909"},{"taxonomy":"post_tag","embeddable":true,"href":"https:\/\/diariodigitalmx.com\/index.php\/wp-json\/wp\/v2\/tags?post=75909"}],"curies":[{"name":"wp","href":"https:\/\/api.w.org\/{rel}","templated":true}]}}