{"id":75959,"date":"2022-05-10T14:41:49","date_gmt":"2022-05-10T19:41:49","guid":{"rendered":"http:\/\/diariodigitalmx.com\/?p=75959"},"modified":"2022-05-10T14:42:20","modified_gmt":"2022-05-10T19:42:20","slug":"el-bronco-podria-tener-cancer-actuaria-legalmente-esposa-contra-gobierno-de-nl","status":"publish","type":"post","link":"https:\/\/diariodigitalmx.com\/index.php\/2022\/05\/10\/el-bronco-podria-tener-cancer-actuaria-legalmente-esposa-contra-gobierno-de-nl\/","title":{"rendered":"El Bronco podr\u00eda tener c\u00e1ncer; actuar\u00eda legalmente esposa contra gobierno de NL"},"content":{"rendered":"\n<p>Monterrey. &#8211; El Bronco podr\u00eda tener c\u00e1ncer y por negligencia y obstrucci\u00f3n a la atenci\u00f3n m\u00e9dica a tiempo, Adalina D\u00e1valos, esposa del ex gobernador Jaime Rodr\u00edguez calder\u00f3n, podr\u00eda proceder legalmente en contra del gobierno de Samuel Garc\u00eda.<\/p>\n\n\n\n<p>Lo anterior, tras de que se le encontraron a Rodr\u00edguez Calder\u00f3n, dos tumores en el colon, por lo que debi\u00f3 ser intervenido quir\u00fargicamente en el hospital Universitario en donde se encuentra internado desde hace d\u00edas.<\/p>\n\n\n\n<p>D\u00e0valos visit\u00f3 a su marido en el hospital y se\u00f1al\u00f3 que se encuentra mal de salud, mareado y con dolores abdominales, y que ser\u00e1 el pr\u00f3ximo viernes cuando podr\u00edan darle los resultados de los tumores encontrados, adem\u00e1s de que existe la posibilidad de que sean cancer\u00edgenos.<\/p>\n\n\n\n<p>Fue entonces cuando lanz\u00f3 la advertencia de ir legalmente contra el gobierno sucesor de su esposo.<br>&#8220;Si y se lo dije hoy a Jaime, independientemente de lo que su defensa haga yo voy a hacer todo lo que est\u00e9 como familia haciendo legalmente, contra quienes son responsables hoy de que Jaime pueda estar en riesgo. Contra todos los que han actuado mal, lo voy a hacer, hay muchos responsables&#8221;.<\/p>\n\n\n\n<p>A su vez, Gabriel Garc\u00eda, del equipo defensor del ex gobernador rechaz\u00f3 que se haya inventado lo de los tumores y que sea parte de una estrategia para mantener a Rodr\u00edguez calder\u00f3n en el hospital.<\/p>\n\n\n\n<p>\u201cSi esto fuera una estrategia de la defensa lo hubi\u00e9ramos hecho hace mucho, o sea, no hubi\u00e9ramos partido que el ingeniero estuviera tanto tiempo limando su salud, en prejuicio del deterioro que hoy presenta, o sea, esto pudo haber sido atendido hace tiempo si se le hubiera practicado los estudios que sus m\u00e9dicos se\u00f1alaron que deb\u00edan de hacerse\u201d, agreg\u00f3.<\/p>\n\n\n\n<p>La ex presidenta del DIF critic\u00f3 que la secretaria de salud estatal hable con palabras hirientes, y sostuvo que hay una venganza de Samuel Garc\u00eda, que adem\u00e1s le niega el derecho a la salud.<\/p>\n\n\n\n<p>Dijo que le da impotencia la situaci\u00f3n, la que es dif\u00edcil hablar con sus hijos, y alz\u00f3 la voz contra Alma Rosa Marroqu\u00edn, secretaria de salud estatal, de quien dijo, habl\u00f3 en forma hiriente sobre la salud del ex gobernador, de que no era nada grave. \u201cNo se puso en el lugar de mujer y de esposa, hoy celebra como secretaria de salud y con su familia, no se pone en el lugar de muchas mujeres como yo , no se acord\u00f3 del juramento como m\u00e9dico\u201d, clam\u00f3 D\u00e1valos.<\/p>\n\n\n\n<p>Luego reproch\u00f3 el dictamen m\u00e9dico que le dieron en el hospital Metropolitano donde lo llevaron las autoridades penitenciarias la primera ocasi\u00f3n hace semanas, y en donde, aclar\u00f3, le encontraron un ap\u00e9ndice, cuando en realidad no lo tiene, en cambio, no vieron esos temores que hoy ponen en riesgo su vida.<\/p>\n\n\n\n<p>\u201cNo entiendo c\u00f3mo pueden decir que, si se meten con una mujer, se meten con todas y con el gobierno\u201d.<\/p>\n","protected":false},"excerpt":{"rendered":"<p>Monterrey. &#8211; El Bronco podr\u00eda tener c\u00e1ncer y por negligencia y obstrucci\u00f3n a la atenci\u00f3n m\u00e9dica a tiempo, Adalina D\u00e1valos, esposa del ex gobernador Jaime Rodr\u00edguez calder\u00f3n, podr\u00eda proceder legalmente en contra del gobierno de Samuel Garc\u00eda. Lo anterior, tras de que se le encontraron a Rodr\u00edguez Calder\u00f3n, dos tumores en el colon, por lo [&hellip;]<\/p>\n","protected":false},"author":1,"featured_media":75961,"comment_status":"open","ping_status":"open","sticky":true,"template":"","format":"standard","meta":{"footnotes":""},"categories":[6,3],"tags":[],"_links":{"self":[{"href":"https:\/\/diariodigitalmx.com\/index.php\/wp-json\/wp\/v2\/posts\/75959"}],"collection":[{"href":"https:\/\/diariodigitalmx.com\/index.php\/wp-json\/wp\/v2\/posts"}],"about":[{"href":"https:\/\/diariodigitalmx.com\/index.php\/wp-json\/wp\/v2\/types\/post"}],"author":[{"embeddable":true,"href":"https:\/\/diariodigitalmx.com\/index.php\/wp-json\/wp\/v2\/users\/1"}],"replies":[{"embeddable":true,"href":"https:\/\/diariodigitalmx.com\/index.php\/wp-json\/wp\/v2\/comments?post=75959"}],"version-history":[{"count":1,"href":"https:\/\/diariodigitalmx.com\/index.php\/wp-json\/wp\/v2\/posts\/75959\/revisions"}],"predecessor-version":[{"id":75960,"href":"https:\/\/diariodigitalmx.com\/index.php\/wp-json\/wp\/v2\/posts\/75959\/revisions\/75960"}],"wp:featuredmedia":[{"embeddable":true,"href":"https:\/\/diariodigitalmx.com\/index.php\/wp-json\/wp\/v2\/media\/75961"}],"wp:attachment":[{"href":"https:\/\/diariodigitalmx.com\/index.php\/wp-json\/wp\/v2\/media?parent=75959"}],"wp:term":[{"taxonomy":"category","embeddable":true,"href":"https:\/\/diariodigitalmx.com\/index.php\/wp-json\/wp\/v2\/categories?post=75959"},{"taxonomy":"post_tag","embeddable":true,"href":"https:\/\/diariodigitalmx.com\/index.php\/wp-json\/wp\/v2\/tags?post=75959"}],"curies":[{"name":"wp","href":"https:\/\/api.w.org\/{rel}","templated":true}]}}