{"id":76010,"date":"2022-05-11T07:12:07","date_gmt":"2022-05-11T12:12:07","guid":{"rendered":"http:\/\/diariodigitalmx.com\/?p=76010"},"modified":"2022-05-11T07:14:55","modified_gmt":"2022-05-11T12:14:55","slug":"los-ninos-con-cancer-lastiman-a-nuestra-sociedad","status":"publish","type":"post","link":"https:\/\/diariodigitalmx.com\/index.php\/2022\/05\/11\/los-ninos-con-cancer-lastiman-a-nuestra-sociedad\/","title":{"rendered":"Gobierno prometi\u00f3 sistema de salud n\u00f3rdico, a tres a\u00f1os tenemos un sistema en ruinas"},"content":{"rendered":"\n<p>Por Ra\u00fal Monter <\/p>\n\n\n\n<p>2da parte<\/p>\n\n\n\n<p>Dr Ector Ram\u00edrez Barba en Diario Digital<\/p>\n\n\n\n<p>RMO, todos los temas de salud, son sensibles, sin embargo, hay uno que preocupa mucho, los ni\u00f1os con c\u00e1ncer, \u00bfQu\u00e9 opinas?<\/p>\n\n\n\n<p>ERB, ciertamente, la falta de atenci\u00f3n y medicamentos para los ni\u00f1os con c\u00e1ncer se ha convertido en uno de los actos m\u00e1s ominosos de este gobierno. Podemos calificarlo as\u00ed, porque ha sido la insensibilidad e incapacidad de los funcionarios del gobierno federal, lo que ha conducido a la desesperaci\u00f3n de las familias que tienen la desventura de contar con alguna ni\u00f1a, ni\u00f1o o adolescente con c\u00e1ncer. El sufrimiento y desesperaci\u00f3n de los padres de familia los ha llevado a demandar p\u00fablicamente y ante la autoridad judicial el acceso a los medicamentos oncol\u00f3gicos para sus hijos, sin embargo, hasta la fecha no ha habido una respuesta eficaz para garantizar el acceso efectivo y oportuno.<\/p>\n\n\n\n<p>Se requiere de capacidad t\u00e9cnica para realizar una planeaci\u00f3n eficaz, recomponer los mecanismos para la compra eficaz, eficiente y en las mejores condiciones; restituir el sistema de distribuci\u00f3n de medicamentos eficiente, que cuente con la infraestructura necesaria para garantizar el acceso oportuno a todas y todos los enfermos que los requieren, particularmente las ni\u00f1as, ni\u00f1os y adolescentes.<\/p>\n\n\n\n<p>RMO, un tema fundamental en el sector salud es la prevenci\u00f3n, \u00bfc\u00f3mo se maneja actualmente?<\/p>\n\n\n\n<p>ERB, La prevenci\u00f3n y el control de enfermedades transmisibles y no transmisibles deben ser una prioridad en salud p\u00fablica, por ello es importante apoyar los enfoques preventivos como el PREVENIMSS. Recordemos que las enfermedades transmisibles y no transmisibles son la m\u00e1s importante causa de morbilidad y mortalidad, pero adem\u00e1s representa uno de los gastos m\u00e1s importante en las coberturas que tiene el Instituto.&nbsp;<\/p>\n\n\n\n<p>Desde la Comisi\u00f3n de Seguridad Social, hemos coincidido en revisar la viabilidad financiera que tiene nuestras instituciones de seguridad social ante el reto que representa la ampliaci\u00f3n de la cobertura de los componentes de la seguridad social, es un problema complejo que implica un necesario impacto fiscal pero que tendremos que atender en lo inmediato. Requerimos encontrar un modelo de atenci\u00f3n m\u00e1s eficaz y eficiente, que genere los mayores beneficios a la poblaci\u00f3n derechohabiente con los recursos con que cuenta el Instituto.<\/p>\n\n\n\n<p>RMO, es tan dif\u00edcil entender la estructura del sistema de salud p\u00fablico, que debo preguntarte, \u00bf que es IMSS Bienestar?<\/p>\n\n\n\n<p>ERB, el programa IMSS-BIENESTAR es administrado por el IMSS y tiene por objeto contribuir a garantizar el derecho constitucional a la protecci\u00f3n de la salud, mediante el otorgamiento de servicios de salud, en los diferentes niveles de atenci\u00f3n, considerando para ello la implementaci\u00f3n y aplicaci\u00f3n del Modelo de Atenci\u00f3n Integral a la Salud (MAIS) que vincula la prestaci\u00f3n de servicios de salud con la participaci\u00f3n activa de la comunidad para el autocuidado de su salud, a favor de la poblaci\u00f3n sin seguridad social.<\/p>\n\n\n\n<p>El Programa tiene dos componentes: Atenci\u00f3n a la Salud y Acci\u00f3n Comunitaria. Adem\u00e1s, realiza acciones de prevenci\u00f3n, vigilancia epidemiol\u00f3gica y salud p\u00fablica, otorgar servicios de salud ambulatorios y hospitalarios e implementar estrategias comunitarias para la mejora de la salud de las personas. Como la mayor\u00eda de las acciones que en materia de salud ha tomado este gobierno en materia de salud, no se conoce a ciencia cierta, cu\u00e1l es objetivo de la decisi\u00f3n de establecer que un programa como IMSS Bienestar tenga ahora la responsabilidad de atender a la toda la poblaci\u00f3n sin seguridad social.<\/p>\n\n\n\n<p>Es claro que el gobierno est\u00e1 tomando acciones decisiones desesperadas que buscan ocultar el fracaso de la pol\u00edtica de salud del actual gobierno, prometi\u00f3 un sistema de salud n\u00f3rdico, pero a tres a\u00f1os gobierno tenemos un sistema en ruinas, un INSABI totalmente inoperante en el otorgamiento de servicios de salud y medicamentos gratuitos para toda la poblaci\u00f3n sin seguridad social, el cual es el mandato legal que tiene en la Ley.<\/p>\n\n\n\n<p>Un sistema p\u00fablico de salud que se ha caracterizado por el desabasto de medicamentos y que no avizora regularizarse en el corto plazo.<\/p>\n\n\n\n<p>RMO, pregunta obligada, Dr Ector \u00bfqu\u00e9 futuro observas al sector salud actual?<\/p>\n\n\n\n<p>ERB, desafortunadamente, un escenario complejo que limitar\u00e1 el ejercicio del derecho humano a la protecci\u00f3n de la salud para la mayor\u00eda de los mexicanos. En particular la atenci\u00f3n de enfermedades de alta complejidad que atienden los institutos de alta especialidad, y que son enfermedades de alto costo, enfrentar\u00e1n serios problemas para su financiamiento, durante este gobierno se ha tomado la reserva financiera que se hab\u00eda constituido por m\u00e1s de 15 a\u00f1os en el Fondo de Atenci\u00f3n para Enfermedades Catastr\u00f3ficas de lo que fue el Seguro Popular, y que permitir\u00edan su atenci\u00f3n, hoy esos recursos ya no existen y no sabemos cu\u00e1l fue su destino. Lo que s\u00ed es claro, es que tendr\u00e1 que ser de los recursos limitados que anualmente se aprueben en el PEF como se financiaran con la consecuente incertidumbre que ello genera.<\/p>\n\n\n\n<p>El panorama epidemiol\u00f3gico que enfrenta y enfrentar\u00e1 nuestro pa\u00eds en los pr\u00f3ximos a\u00f1os, nos permite prever que el requerimiento de atenci\u00f3n de estas enfermedades complejas se incrementar\u00e1 con el consecuente incremento en los recursos que ser\u00e1n necesarios para su atenci\u00f3n.<\/p>\n\n\n\n<p>Gracias estimado Dr Ram\u00edrez Barba, por compartir estas desagradables y tristes noticias, pero es necesario conocer la verdad, sobre todo comunicarlo y exigir al actual gobierno medidas inmediatas de soluci\u00f3n que aten\u00faan la crisis. Para los pr\u00f3ximos gobiernos, los ciudadanos debemos exigir propuestas concretas, transparentes, pero sobre todo que el derecho a la salud llegue a los 130 millones de mexicanos, sin importar nivel econ\u00f3mico y social.<\/p>\n\n\n\n<p><\/p>\n","protected":false},"excerpt":{"rendered":"<p>Por Ra\u00fal Monter 2da parte Dr Ector Ram\u00edrez Barba en Diario Digital RMO, todos los temas de salud, son sensibles, sin embargo, hay uno que preocupa mucho, los ni\u00f1os con c\u00e1ncer, \u00bfQu\u00e9 opinas? ERB, ciertamente, la falta de atenci\u00f3n y medicamentos para los ni\u00f1os con c\u00e1ncer se ha convertido en uno de los actos m\u00e1s [&hellip;]<\/p>\n","protected":false},"author":1,"featured_media":75164,"comment_status":"open","ping_status":"open","sticky":true,"template":"","format":"standard","meta":{"footnotes":""},"categories":[6,5],"tags":[],"_links":{"self":[{"href":"https:\/\/diariodigitalmx.com\/index.php\/wp-json\/wp\/v2\/posts\/76010"}],"collection":[{"href":"https:\/\/diariodigitalmx.com\/index.php\/wp-json\/wp\/v2\/posts"}],"about":[{"href":"https:\/\/diariodigitalmx.com\/index.php\/wp-json\/wp\/v2\/types\/post"}],"author":[{"embeddable":true,"href":"https:\/\/diariodigitalmx.com\/index.php\/wp-json\/wp\/v2\/users\/1"}],"replies":[{"embeddable":true,"href":"https:\/\/diariodigitalmx.com\/index.php\/wp-json\/wp\/v2\/comments?post=76010"}],"version-history":[{"count":2,"href":"https:\/\/diariodigitalmx.com\/index.php\/wp-json\/wp\/v2\/posts\/76010\/revisions"}],"predecessor-version":[{"id":76013,"href":"https:\/\/diariodigitalmx.com\/index.php\/wp-json\/wp\/v2\/posts\/76010\/revisions\/76013"}],"wp:featuredmedia":[{"embeddable":true,"href":"https:\/\/diariodigitalmx.com\/index.php\/wp-json\/wp\/v2\/media\/75164"}],"wp:attachment":[{"href":"https:\/\/diariodigitalmx.com\/index.php\/wp-json\/wp\/v2\/media?parent=76010"}],"wp:term":[{"taxonomy":"category","embeddable":true,"href":"https:\/\/diariodigitalmx.com\/index.php\/wp-json\/wp\/v2\/categories?post=76010"},{"taxonomy":"post_tag","embeddable":true,"href":"https:\/\/diariodigitalmx.com\/index.php\/wp-json\/wp\/v2\/tags?post=76010"}],"curies":[{"name":"wp","href":"https:\/\/api.w.org\/{rel}","templated":true}]}}