{"id":76031,"date":"2022-05-11T12:11:17","date_gmt":"2022-05-11T17:11:17","guid":{"rendered":"http:\/\/diariodigitalmx.com\/?p=76031"},"modified":"2022-05-11T12:38:59","modified_gmt":"2022-05-11T17:38:59","slug":"presenta-waldo-fernandez-paquete-de-iniciativas-agenda-por-la-gobernalidad-de-nuevo-leon","status":"publish","type":"post","link":"https:\/\/diariodigitalmx.com\/index.php\/2022\/05\/11\/presenta-waldo-fernandez-paquete-de-iniciativas-agenda-por-la-gobernalidad-de-nuevo-leon\/","title":{"rendered":"Presenta Waldo Fern\u00e1ndez paquete de iniciativas &#8220;Agenda por la gobernalidad de Nuevo Le\u00f3n &#8220;"},"content":{"rendered":"\n<figure class=\"wp-block-video\"><video controls src=\"http:\/\/diariodigitalmx.com\/wp-content\/uploads\/2022\/05\/VID-20220511-WA0014.mp4\"><\/video><\/figure>\n\n\n\n<p>Preocupado por las distintas crisis de Nuevo Le\u00f3n y la incapacidad y falta de credibilidad de la actual administraci\u00f3n para resolverlas, el diputado local por Morena, Waldo Fern\u00e1ndez, present\u00f3 en el Congreso un paquete de iniciativas que tienen como objetivo crear organismos p\u00fablicos y aut\u00f3nomos en temas puntuales que representan hoy graves crisis de gobernabilidad para el Estado.<\/p>\n\n\n\n<p>Aprovechando la coyuntura de la reforma integral a la Constituci\u00f3n, el legislador dijo que para las y los diputados se trata de \u201cponerse el saco de Nuevo Le\u00f3n, por primera vez quitarse visiones personales de uno u otro partido y ver por el estado de Nuevo Le\u00f3n que hoy est\u00e1 en una profunda crisis de ingobernabilidad, pero sobre todo, falta de credibilidad en nuestras instituciones. A\u00f1adi\u00f3 que el d\u00eda de ayer se vio \u201c un espect\u00e1culo triste entre un gobernador y un fiscal reclam\u00e1ndose y se\u00f1alando cosas respecto a nuestra Constituci\u00f3n y Estado de Derecho, como si fueran parte de la sociedad y no parte de la autoridad\u201d.<\/p>\n\n\n\n<p>Entre las iniciativas destacan la creaci\u00f3n de organismos aut\u00f3nomos como:<br>-La Comisi\u00f3n de B\u00fasqueda de Personas Desaparecidas y No Localizadas<br>-La Comisi\u00f3n Estatal de Administraci\u00f3n Tributaria<br>-Instituto Nuevoleon\u00e9s para las Mujeres<br>-Instituto de Protecci\u00f3n Civil de Nuevo Le\u00f3n<br>-Instituto de la Calidad del Aire<br>-La Comisi\u00f3n Ejecutiva de Atenci\u00f3n a V\u00edctimas de Nuevo Le\u00f3n<\/p>\n","protected":false},"excerpt":{"rendered":"<p>Preocupado por las distintas crisis de Nuevo Le\u00f3n y la incapacidad y falta de credibilidad de la actual administraci\u00f3n para resolverlas, el diputado local por Morena, Waldo Fern\u00e1ndez, present\u00f3 en el Congreso un paquete de iniciativas que tienen como objetivo crear organismos p\u00fablicos y aut\u00f3nomos en temas puntuales que representan hoy graves crisis de gobernabilidad [&hellip;]<\/p>\n","protected":false},"author":1,"featured_media":76033,"comment_status":"open","ping_status":"open","sticky":true,"template":"","format":"standard","meta":{"footnotes":""},"categories":[14,6],"tags":[],"_links":{"self":[{"href":"https:\/\/diariodigitalmx.com\/index.php\/wp-json\/wp\/v2\/posts\/76031"}],"collection":[{"href":"https:\/\/diariodigitalmx.com\/index.php\/wp-json\/wp\/v2\/posts"}],"about":[{"href":"https:\/\/diariodigitalmx.com\/index.php\/wp-json\/wp\/v2\/types\/post"}],"author":[{"embeddable":true,"href":"https:\/\/diariodigitalmx.com\/index.php\/wp-json\/wp\/v2\/users\/1"}],"replies":[{"embeddable":true,"href":"https:\/\/diariodigitalmx.com\/index.php\/wp-json\/wp\/v2\/comments?post=76031"}],"version-history":[{"count":2,"href":"https:\/\/diariodigitalmx.com\/index.php\/wp-json\/wp\/v2\/posts\/76031\/revisions"}],"predecessor-version":[{"id":76036,"href":"https:\/\/diariodigitalmx.com\/index.php\/wp-json\/wp\/v2\/posts\/76031\/revisions\/76036"}],"wp:featuredmedia":[{"embeddable":true,"href":"https:\/\/diariodigitalmx.com\/index.php\/wp-json\/wp\/v2\/media\/76033"}],"wp:attachment":[{"href":"https:\/\/diariodigitalmx.com\/index.php\/wp-json\/wp\/v2\/media?parent=76031"}],"wp:term":[{"taxonomy":"category","embeddable":true,"href":"https:\/\/diariodigitalmx.com\/index.php\/wp-json\/wp\/v2\/categories?post=76031"},{"taxonomy":"post_tag","embeddable":true,"href":"https:\/\/diariodigitalmx.com\/index.php\/wp-json\/wp\/v2\/tags?post=76031"}],"curies":[{"name":"wp","href":"https:\/\/api.w.org\/{rel}","templated":true}]}}