{"id":76070,"date":"2022-05-12T07:47:50","date_gmt":"2022-05-12T12:47:50","guid":{"rendered":"http:\/\/diariodigitalmx.com\/?p=76070"},"modified":"2022-05-12T07:48:59","modified_gmt":"2022-05-12T12:48:59","slug":"de-frente-y-de-perfil-137","status":"publish","type":"post","link":"https:\/\/diariodigitalmx.com\/index.php\/2022\/05\/12\/de-frente-y-de-perfil-137\/","title":{"rendered":"De frente y de perfil"},"content":{"rendered":"\n<p>Ram\u00f3n Zurita Sahag\u00fan <\/p>\n\n\n\n<p>TIEMPO DE DESTAPES<\/p>\n\n\n\n<p>Evocando a los tiempos del desaparecido burlesque, del que queda como testigo mudo el legendario teatro L\u00edrico, los pol\u00edticos entraron a su \u00e9poca de destape y manifestaci\u00f3n de pretensiones.<\/p>\n\n\n\n<p>Sin importar ideolog\u00edas, los pronunciamientos, los m\u00e1s de ellos, son realizados por los interesados, aunque en algunos casos lo hacen los dirigentes de sus partidos o personajes cercanos a su entorno.<\/p>\n\n\n\n<p>Cada d\u00eda aumenta considerablemente la cifra de personajes pol\u00edticos que desean participar en la gran fiesta c\u00edvica de junio del 2024 en que algunos por la v\u00eda de los partidos pol\u00edticos y otros m\u00e1s intentar\u00e1n hacerlo por la v\u00eda independiente que, hasta el momento, no ha permeado entre la clientela electoral.<\/p>\n\n\n\n<p>Ya en la pasada elecci\u00f3n presidencial particip\u00f3 el primer candidato independiente que, curiosamente, a la fecha se encuentra detenido en Nuevo Le\u00f3n, donde gobern\u00f3 con la misma bandera de independiente.<\/p>\n\n\n\n<p>Jaime Rodr\u00edguez Calder\u00f3n, el entonces popular Bronco apost\u00f3 para pasar a la historia como el primer gobernador con el t\u00edtulo de independiente y pretendi\u00f3 hacer lo propio, aunque en los archivos quedar\u00e1 constancia de que fue el primer candidato presidencial con esa etiqueta, aunque no corri\u00f3 con suerte.<\/p>\n\n\n\n<p>En aquel entonces otros personajes como Margarita Zavala, Armando R\u00edos Piter y Pedro Ferriz de Con, entre otros, lo intentaron y solamente la primera de ellas recibi\u00f3 la aprobaci\u00f3n de serlo de parte de las autoridades electorales.<\/p>\n\n\n\n<p>Ahora se desconoce qui\u00e9nes jugar\u00e1n con esa etiqueta e intentar\u00e1n mover las consciencias ciudadanas, para obtener el respaldo necesario, primero de las firmas y, despu\u00e9s, del voto en las urnas.<\/p>\n\n\n\n<p>Por lo pronto el Movimiento Ciudadano ya abri\u00f3 su baraja e insert\u00f3 a cinco personas, cuatro hombres y una mujer, de donde surgir\u00eda su abanderado del 24: los gobernadores Enrique Alfaro, gobernador de Jalisco; Samuel Garc\u00eda, mandatario de Nuevo Le\u00f3n; Luis Donaldo Colosio, alcalde de Monterrey y Clemente Casta\u00f1eda, quien ha ido de la dirigencia nacional del partido a la coordinaci\u00f3n de los senadores del mismo organismo y Patricia Mercado, quien ya compiti\u00f3 como candidata presidencial hace algunos a\u00f1os.<\/p>\n\n\n\n<p>Sin embargo, en Movimiento Ciudadano, hay otras dos mujeres que podr\u00edan entrar en dicha competencia, ambas ex gobernadoras: Ivonne Ortega Pacheco y Amalia Garc\u00eda Medina, actualmente diputadas federales.<\/p>\n\n\n\n<p>Ivonne aspir\u00f3 hace seis a\u00f1os a la candidatura presidencial, aunque entonces militaba en el PRI e inici\u00f3 un recorrido por todo el pa\u00eds para buscar el respaldo necesario, aunque fue hecha de lado por la entonces dirigencia nacional de ese partido. Con todo y ello ha desfilado por los principales cargos de elecci\u00f3n popular: tres veces diputada federal, una local, una senadora, presidenta municipal; el gobierno de Yucat\u00e1n y la secretar\u00eda general del PRI.<\/p>\n\n\n\n<p>Amalia cuenta con una espectacular carrera pol\u00edtica, por cargos de elecci\u00f3n popular que van desde dos diputaciones, una senadur\u00eda, el gobierno estatal de Zacatecas, adem\u00e1s de haber sido presidenta del PRD y secretaria del Trabajo en el extinto Distrito Federal.<\/p>\n\n\n\n<p>Y aunque el destape realizado por Dante Delgado no dej\u00f3 espacio para muchos, el propio dirigente nacional del partido siempre ha tenido aspiraciones presidenciales, desde que fund\u00f3 el partido, a finales de la d\u00e9cada de los 90 y su sue\u00f1o sigue girando tambi\u00e9n alrededor del gobierno de Veracruz, entidad que ya gobern\u00f3 con etiqueta de interino y sustituto.<\/p>\n\n\n\n<p>Dante fue dos veces candidato al gobierno de Veracruz, sin \u00e9xito, aunque mantiene la esperanza de volver a gobernar ese estado con el car\u00e1cter de electo.<\/p>\n\n\n\n<pre class=\"wp-block-code\"><code>                                                       \u2026\u2026\u2026\u2026\u2026\u2026\u2026\u2026\u2026. <\/code><\/pre>\n\n\n\n<p>El presidente nacional del Partido Fuerza por M\u00e9xico, Gerardo Islas, asegura que su partido cuenta con presencia en 80 por ciento del pa\u00eds y que la informaci\u00f3n que circula en torno a sus finanzas es falsa y que las aclaraciones sobre el tema las dar\u00e1 el secretario del ramo del organismo pol\u00edtico, con el que mantiene una estrecha colaboraci\u00f3n. Sin embargo, el INE exige la devoluci\u00f3n de 33.9 millones de pesos que el partido erog\u00f3, sin autorizaci\u00f3n del interventor, a\u00fan despu\u00e9s de perder el registro. Por lo pronto los d\u00edas transcurren y no se sabe nada de la devoluci\u00f3n que tendr\u00e1n que hacer, sin importar las explicaciones del srio de Finanzas, ya que el responsable ante el INE es el propio Islas y no Pedro Haces, quien solamente es due\u00f1o de la franquicia.<\/p>\n\n\n\n<p>Email: ramonzurita44@hotmail.com<\/p>\n","protected":false},"excerpt":{"rendered":"<p>Ram\u00f3n Zurita Sahag\u00fan TIEMPO DE DESTAPES Evocando a los tiempos del desaparecido burlesque, del que queda como testigo mudo el legendario teatro L\u00edrico, los pol\u00edticos entraron a su \u00e9poca de destape y manifestaci\u00f3n de pretensiones. Sin importar ideolog\u00edas, los pronunciamientos, los m\u00e1s de ellos, son realizados por los interesados, aunque en algunos casos lo hacen [&hellip;]<\/p>\n","protected":false},"author":1,"featured_media":76072,"comment_status":"open","ping_status":"open","sticky":true,"template":"","format":"standard","meta":{"footnotes":""},"categories":[14,12],"tags":[],"_links":{"self":[{"href":"https:\/\/diariodigitalmx.com\/index.php\/wp-json\/wp\/v2\/posts\/76070"}],"collection":[{"href":"https:\/\/diariodigitalmx.com\/index.php\/wp-json\/wp\/v2\/posts"}],"about":[{"href":"https:\/\/diariodigitalmx.com\/index.php\/wp-json\/wp\/v2\/types\/post"}],"author":[{"embeddable":true,"href":"https:\/\/diariodigitalmx.com\/index.php\/wp-json\/wp\/v2\/users\/1"}],"replies":[{"embeddable":true,"href":"https:\/\/diariodigitalmx.com\/index.php\/wp-json\/wp\/v2\/comments?post=76070"}],"version-history":[{"count":1,"href":"https:\/\/diariodigitalmx.com\/index.php\/wp-json\/wp\/v2\/posts\/76070\/revisions"}],"predecessor-version":[{"id":76071,"href":"https:\/\/diariodigitalmx.com\/index.php\/wp-json\/wp\/v2\/posts\/76070\/revisions\/76071"}],"wp:featuredmedia":[{"embeddable":true,"href":"https:\/\/diariodigitalmx.com\/index.php\/wp-json\/wp\/v2\/media\/76072"}],"wp:attachment":[{"href":"https:\/\/diariodigitalmx.com\/index.php\/wp-json\/wp\/v2\/media?parent=76070"}],"wp:term":[{"taxonomy":"category","embeddable":true,"href":"https:\/\/diariodigitalmx.com\/index.php\/wp-json\/wp\/v2\/categories?post=76070"},{"taxonomy":"post_tag","embeddable":true,"href":"https:\/\/diariodigitalmx.com\/index.php\/wp-json\/wp\/v2\/tags?post=76070"}],"curies":[{"name":"wp","href":"https:\/\/api.w.org\/{rel}","templated":true}]}}