{"id":76111,"date":"2022-05-12T16:03:56","date_gmt":"2022-05-12T21:03:56","guid":{"rendered":"http:\/\/diariodigitalmx.com\/?p=76111"},"modified":"2022-05-12T16:04:44","modified_gmt":"2022-05-12T21:04:44","slug":"alza-al-metro-a-11-50-lo-unico-que-acepta-el-gobierno-sucesorio-de-samuel-garcia-y-que-aprobo-en-2018-el-bronco","status":"publish","type":"post","link":"https:\/\/diariodigitalmx.com\/index.php\/2022\/05\/12\/alza-al-metro-a-11-50-lo-unico-que-acepta-el-gobierno-sucesorio-de-samuel-garcia-y-que-aprobo-en-2018-el-bronco\/","title":{"rendered":"Alza al Metro a 11.50; lo \u00fanico que acepta el gobierno sucesorio de Samuel Garc\u00eda y que aprob\u00f3 en 2018 El Bronco"},"content":{"rendered":"\n<p><br>Monterrey.-&nbsp; Porque no quiere ser irresponsable , el gobierno del estado contempla subir la tarifa del Metro de 4.50 a 11.50 pesos.<br>La administraci\u00f3n del Bronco, lo \u00fanico que acepta el gobierno sucesorio de Samuel Garc\u00eda, es la autorizaci\u00f3n en las tarifas de ese sistema de transporte que se autorizaron en septiembre de 2018, pero no se aplicaron.<br>El incremento deslizable que quiere el gobierno actual es de 10 centavos por mes a las tarifas del Metro, hasta alcanzar los 11 pesos y 50 centavos.<br>Lo que llaman ajuste de tarifas fue autorizado en la administraci\u00f3n de Jaime Rodr\u00edguez Calder\u00f3n por parte del Consejo de Metrorrey.<br>La autorizaci\u00f3n fue un alza de un peso a la actual tarifa, de 4.50 pesos, y un desliz mensual que llevar\u00eda el cobro a 9 pesos, sin embargo, Hern\u00e1n Villarreal, Secretario de Movilidad, aclar\u00f3 que el desliz mensual no topar\u00e9 en los 9 pesos, sino en los 11.50.<br>El funcionario acus\u00f3 al gobierno del Bronco de irresponsable al no ejecutar el alza y dejar caer el mantenimiento del sistema.<br>Seg\u00fan Villarreal, ellos no ser\u00e1n irresponsables y elevar\u00e1n la tarifa despu\u00e9s de 20 a\u00f1os que no hay alza.<br>El funcionario acus\u00f3 al gobierno del Bronco de irresponsable al no ejecutar el alza y dejar caer el mantenimiento del sistema.<br>Seg\u00fan Villarreal, ellos no ser\u00e1n irresponsables y elevar\u00e1n la tarifa despu\u00e9s de 20 a\u00f1os que no hay alza.<br>A su vez, Abraham Vargas, director de Metrorrey, inform\u00f3 que esta propuesta ser\u00e1 presentada el pr\u00f3ximo mi\u00e9rcoles al Consejo de Administraci\u00f3n para que sea avalada y ser aplicada inmediatamente, pues el Metro enfrenta un d\u00e9ficit de 600 millones de pesos anuales.<br>Para que el Metro no opere en n\u00fameros rojos, esa es la tarifa que ha sugerido el Instituto de Movilidad y Accesibilidad, pero deber\u00e1 definir el Consejo de Administraci\u00f3n.<br>Con el desliz propuesto se llegar\u00eda a la tarifa t\u00e9cnica, que se\u00f1ala que no habr\u00e1 ning\u00fan problema de mantenimiento, de operatividad, ni de calidad en el servicio, dentro de cinco a\u00f1os.<\/p>\n","protected":false},"excerpt":{"rendered":"<p>Monterrey.-&nbsp; Porque no quiere ser irresponsable , el gobierno del estado contempla subir la tarifa del Metro de 4.50 a 11.50 pesos.La administraci\u00f3n del Bronco, lo \u00fanico que acepta el gobierno sucesorio de Samuel Garc\u00eda, es la autorizaci\u00f3n en las tarifas de ese sistema de transporte que se autorizaron en septiembre de 2018, pero no [&hellip;]<\/p>\n","protected":false},"author":1,"featured_media":76113,"comment_status":"open","ping_status":"open","sticky":true,"template":"","format":"standard","meta":{"footnotes":""},"categories":[6,3],"tags":[],"_links":{"self":[{"href":"https:\/\/diariodigitalmx.com\/index.php\/wp-json\/wp\/v2\/posts\/76111"}],"collection":[{"href":"https:\/\/diariodigitalmx.com\/index.php\/wp-json\/wp\/v2\/posts"}],"about":[{"href":"https:\/\/diariodigitalmx.com\/index.php\/wp-json\/wp\/v2\/types\/post"}],"author":[{"embeddable":true,"href":"https:\/\/diariodigitalmx.com\/index.php\/wp-json\/wp\/v2\/users\/1"}],"replies":[{"embeddable":true,"href":"https:\/\/diariodigitalmx.com\/index.php\/wp-json\/wp\/v2\/comments?post=76111"}],"version-history":[{"count":2,"href":"https:\/\/diariodigitalmx.com\/index.php\/wp-json\/wp\/v2\/posts\/76111\/revisions"}],"predecessor-version":[{"id":76114,"href":"https:\/\/diariodigitalmx.com\/index.php\/wp-json\/wp\/v2\/posts\/76111\/revisions\/76114"}],"wp:featuredmedia":[{"embeddable":true,"href":"https:\/\/diariodigitalmx.com\/index.php\/wp-json\/wp\/v2\/media\/76113"}],"wp:attachment":[{"href":"https:\/\/diariodigitalmx.com\/index.php\/wp-json\/wp\/v2\/media?parent=76111"}],"wp:term":[{"taxonomy":"category","embeddable":true,"href":"https:\/\/diariodigitalmx.com\/index.php\/wp-json\/wp\/v2\/categories?post=76111"},{"taxonomy":"post_tag","embeddable":true,"href":"https:\/\/diariodigitalmx.com\/index.php\/wp-json\/wp\/v2\/tags?post=76111"}],"curies":[{"name":"wp","href":"https:\/\/api.w.org\/{rel}","templated":true}]}}