{"id":76259,"date":"2022-05-14T18:13:08","date_gmt":"2022-05-14T23:13:08","guid":{"rendered":"http:\/\/diariodigitalmx.com\/?p=76259"},"modified":"2022-05-14T18:17:16","modified_gmt":"2022-05-14T23:17:16","slug":"no-paran-los-migrantes-cubanos-viajaban-en-caja-de-camionetas","status":"publish","type":"post","link":"https:\/\/diariodigitalmx.com\/index.php\/2022\/05\/14\/no-paran-los-migrantes-cubanos-viajaban-en-caja-de-camionetas\/","title":{"rendered":"No paran los migrantes; cubanos viajaban en caja de camionetas"},"content":{"rendered":"\n<p><br>Monterrey.- Cuando viajaban acostados en la caja de dos camionetas, fueron detectadas 28 personas de origen cubano, entre ellas seis menores de edad.<br>Inicialmente la polic\u00eda estatal recibi\u00f3 un reporte de que, a bordo de dos camionetas, una Avalanche y otra pick up Lobo, de que por la avenida Cuauht\u00e9moc y la calle Jos\u00e9 Mar\u00eda Bocanegra, en Monterrey viajaban personas acostadas en las cajas de los veh\u00edculos lo que pareci\u00f3 sospechoso.<br>Los polic\u00edas buscaron los veh\u00edculos los que encontraron cuando circulaban en la avenida Universidad y avenida Los \u00c1ngeles donde fueron interceptados con el apoyo de la polic\u00eda municipal de San Nicol\u00e1s de los Garza para que detuvieran su marcha.<\/p>\n\n\n\n<figure class=\"wp-block-image size-large\"><img loading=\"lazy\" decoding=\"async\" width=\"768\" height=\"1024\" src=\"http:\/\/diariodigitalmx.com\/wp-content\/uploads\/2022\/05\/IMG-20220514-WA0016-768x1024.jpg\" alt=\"\" class=\"wp-image-76265\" srcset=\"https:\/\/diariodigitalmx.com\/wp-content\/uploads\/2022\/05\/IMG-20220514-WA0016-768x1024.jpg 768w, https:\/\/diariodigitalmx.com\/wp-content\/uploads\/2022\/05\/IMG-20220514-WA0016-225x300.jpg 225w, https:\/\/diariodigitalmx.com\/wp-content\/uploads\/2022\/05\/IMG-20220514-WA0016-1152x1536.jpg 1152w, https:\/\/diariodigitalmx.com\/wp-content\/uploads\/2022\/05\/IMG-20220514-WA0016.jpg 1200w\" sizes=\"(max-width: 768px) 100vw, 768px\" \/><\/figure>\n\n\n\n<p>En la revisi\u00f3n encontraron que en la caja de una camioneta viajaban 11 adultos y tres menores, y en la otra la misma cantidad. Ellos viajaban amontonados y acostados y al no acreditar su estancia legal en el pa\u00eds fueron detenidos y puestos a disposici\u00f3n del Instituto Nacional de Migraci\u00f3n.<br>Fueron detenidos los conductores de los veh\u00edculos y que se identificaron como Ram\u00f3n &#8220;N&#8221; de 38 a\u00f1os de edad y Mar\u00eda &#8220;N&#8221; de 34 a\u00f1os de edad, ambos originarios del estado de San Luis Potos\u00ed, a los que se puso a disposici\u00f3n de la autoridad competente por su presunta participaci\u00f3n en el delito de tr\u00e1fico de personas.<\/p>\n\n\n\n<p><br><\/p>\n","protected":false},"excerpt":{"rendered":"<p>Monterrey.- Cuando viajaban acostados en la caja de dos camionetas, fueron detectadas 28 personas de origen cubano, entre ellas seis menores de edad.Inicialmente la polic\u00eda estatal recibi\u00f3 un reporte de que, a bordo de dos camionetas, una Avalanche y otra pick up Lobo, de que por la avenida Cuauht\u00e9moc y la calle Jos\u00e9 Mar\u00eda Bocanegra, [&hellip;]<\/p>\n","protected":false},"author":1,"featured_media":76261,"comment_status":"open","ping_status":"open","sticky":false,"template":"","format":"standard","meta":{"footnotes":""},"categories":[3,7],"tags":[],"_links":{"self":[{"href":"https:\/\/diariodigitalmx.com\/index.php\/wp-json\/wp\/v2\/posts\/76259"}],"collection":[{"href":"https:\/\/diariodigitalmx.com\/index.php\/wp-json\/wp\/v2\/posts"}],"about":[{"href":"https:\/\/diariodigitalmx.com\/index.php\/wp-json\/wp\/v2\/types\/post"}],"author":[{"embeddable":true,"href":"https:\/\/diariodigitalmx.com\/index.php\/wp-json\/wp\/v2\/users\/1"}],"replies":[{"embeddable":true,"href":"https:\/\/diariodigitalmx.com\/index.php\/wp-json\/wp\/v2\/comments?post=76259"}],"version-history":[{"count":6,"href":"https:\/\/diariodigitalmx.com\/index.php\/wp-json\/wp\/v2\/posts\/76259\/revisions"}],"predecessor-version":[{"id":76269,"href":"https:\/\/diariodigitalmx.com\/index.php\/wp-json\/wp\/v2\/posts\/76259\/revisions\/76269"}],"wp:featuredmedia":[{"embeddable":true,"href":"https:\/\/diariodigitalmx.com\/index.php\/wp-json\/wp\/v2\/media\/76261"}],"wp:attachment":[{"href":"https:\/\/diariodigitalmx.com\/index.php\/wp-json\/wp\/v2\/media?parent=76259"}],"wp:term":[{"taxonomy":"category","embeddable":true,"href":"https:\/\/diariodigitalmx.com\/index.php\/wp-json\/wp\/v2\/categories?post=76259"},{"taxonomy":"post_tag","embeddable":true,"href":"https:\/\/diariodigitalmx.com\/index.php\/wp-json\/wp\/v2\/tags?post=76259"}],"curies":[{"name":"wp","href":"https:\/\/api.w.org\/{rel}","templated":true}]}}