{"id":76274,"date":"2022-05-14T19:07:47","date_gmt":"2022-05-15T00:07:47","guid":{"rendered":"http:\/\/diariodigitalmx.com\/?p=76274"},"modified":"2022-05-14T19:08:53","modified_gmt":"2022-05-15T00:08:53","slug":"complicada-la-salud-del-bronco-pero-no-tiene-cancer","status":"publish","type":"post","link":"https:\/\/diariodigitalmx.com\/index.php\/2022\/05\/14\/complicada-la-salud-del-bronco-pero-no-tiene-cancer\/","title":{"rendered":"Complicada la salud del Bronco, pero no tiene c\u00e1ncer"},"content":{"rendered":"\n<p>Monterrey- Se descarta, El Bronco no tiene c\u00e1ncer, aunque su salud es delicada y podr\u00eda complicarse, seg\u00fan inform\u00f3 la familia del ex gobernador Jaime Rodr\u00edguez Calder\u00f3n.<br>Tras recibir los resultados del an\u00e1lisis patol\u00f3gico de los tumores extra\u00eddos mediante la colonoscopia, Adalina D\u00e1valos, la esposa del ex mandatario, dijo que sigue delicado de salud, pues le fue localizado un p\u00f3lipo pediculado del tipo adenoma tubulovelloso con displasia en el tejido del \u00e1rea inferior del tracto intestinal, que, de no recibir la atenci\u00f3n necesaria y los cuidados m\u00e9dicos adecuados, existe el riesgo elevado de desarrollar c\u00e1ncer de colon.<br>\u201cPor lo anterior, Jaime Rodr\u00edguez Calder\u00f3n tendr\u00e1 que ser sometido a un procedimiento quir\u00fargico extenso y minucioso, a fin de extraer el tramo digestivo d\u00f3nde le fueron localizados los divert\u00edculos y el propio p\u00f3lipo, consecuente a esta cirug\u00eda habr\u00e1 que tener la atenci\u00f3n hospitalaria para evitar que se desarrolle alguna infecci\u00f3n o padecimiento que complique su estado de salud\u201d, a\u00f1ade.<br>El Bronco, su familia y el equipo legal han solicitado al Hospital Universitario, donde est\u00e1 internado, les sea expedido el informe de patolog\u00eda que reporta el resultado de las muestras, para que estas sean valoradas por otra instituci\u00f3n m\u00e9dica, y as\u00ed obtener una segunda opini\u00f3n, conforme su derecho establecido en la Ley General de Salud en sus art\u00edculos 51 BIS. 2 y 77 BIS. 36.<br>D\u00e1valos se entrevist\u00f3 con el subdirector del Hospital Universitario y confirm\u00f3 el resultado de los estudios, y agradeci\u00f3 que no sea un c\u00e1ncer, aunque hay, dijo, una situaci\u00f3n de alarma todav\u00eda por el tumor de 4 cent\u00edmetros, porque presenta c\u00e9lulas pre cancer\u00edgenas.<br>Confirm\u00f3 que buscar\u00e1n una segunda opini\u00f3n m\u00e9dica y subray\u00f3 que los m\u00e9dicos van a tener que tomar la decisi\u00f3n, no solamente de saber cu\u00e1ntos cent\u00edmetros eran los que iban a cortar de la parte de los divert\u00edculos, sino tambi\u00e9n que m\u00e1s tienen que hacer para retirar la parte donde se detectaron los dos tumores.<\/p>\n","protected":false},"excerpt":{"rendered":"<p>Monterrey- Se descarta, El Bronco no tiene c\u00e1ncer, aunque su salud es delicada y podr\u00eda complicarse, seg\u00fan inform\u00f3 la familia del ex gobernador Jaime Rodr\u00edguez Calder\u00f3n.Tras recibir los resultados del an\u00e1lisis patol\u00f3gico de los tumores extra\u00eddos mediante la colonoscopia, Adalina D\u00e1valos, la esposa del ex mandatario, dijo que sigue delicado de salud, pues le fue [&hellip;]<\/p>\n","protected":false},"author":1,"featured_media":76276,"comment_status":"open","ping_status":"open","sticky":true,"template":"","format":"standard","meta":{"footnotes":""},"categories":[6,5],"tags":[],"_links":{"self":[{"href":"https:\/\/diariodigitalmx.com\/index.php\/wp-json\/wp\/v2\/posts\/76274"}],"collection":[{"href":"https:\/\/diariodigitalmx.com\/index.php\/wp-json\/wp\/v2\/posts"}],"about":[{"href":"https:\/\/diariodigitalmx.com\/index.php\/wp-json\/wp\/v2\/types\/post"}],"author":[{"embeddable":true,"href":"https:\/\/diariodigitalmx.com\/index.php\/wp-json\/wp\/v2\/users\/1"}],"replies":[{"embeddable":true,"href":"https:\/\/diariodigitalmx.com\/index.php\/wp-json\/wp\/v2\/comments?post=76274"}],"version-history":[{"count":1,"href":"https:\/\/diariodigitalmx.com\/index.php\/wp-json\/wp\/v2\/posts\/76274\/revisions"}],"predecessor-version":[{"id":76275,"href":"https:\/\/diariodigitalmx.com\/index.php\/wp-json\/wp\/v2\/posts\/76274\/revisions\/76275"}],"wp:featuredmedia":[{"embeddable":true,"href":"https:\/\/diariodigitalmx.com\/index.php\/wp-json\/wp\/v2\/media\/76276"}],"wp:attachment":[{"href":"https:\/\/diariodigitalmx.com\/index.php\/wp-json\/wp\/v2\/media?parent=76274"}],"wp:term":[{"taxonomy":"category","embeddable":true,"href":"https:\/\/diariodigitalmx.com\/index.php\/wp-json\/wp\/v2\/categories?post=76274"},{"taxonomy":"post_tag","embeddable":true,"href":"https:\/\/diariodigitalmx.com\/index.php\/wp-json\/wp\/v2\/tags?post=76274"}],"curies":[{"name":"wp","href":"https:\/\/api.w.org\/{rel}","templated":true}]}}