{"id":76433,"date":"2022-05-17T18:03:35","date_gmt":"2022-05-17T23:03:35","guid":{"rendered":"http:\/\/diariodigitalmx.com\/?p=76433"},"modified":"2022-05-17T18:04:09","modified_gmt":"2022-05-17T23:04:09","slug":"anuncian-padron-de-huerfanos-hijos-de-desaparecidos","status":"publish","type":"post","link":"https:\/\/diariodigitalmx.com\/index.php\/2022\/05\/17\/anuncian-padron-de-huerfanos-hijos-de-desaparecidos\/","title":{"rendered":"Anuncian padr\u00f3n de hu\u00e9rfanos, hijos de desaparecidos"},"content":{"rendered":"\n<p><br>Monterrey- La Fiscal\u00eda Especializada en Feminicidios anunci\u00f3 la creaci\u00f3n de un padr\u00f3n de hijos de desaparecidos que ser\u00e1 entregado al Ejecutivo estatal y federal en un mes, inform\u00f3 la titular de la dependencia, Griselda N\u00fa\u00f1ez, titular de la Fiscal\u00eda.<br>El padr\u00f3n se realizar\u00e1 para atender una petici\u00f3n de familiares de desaparecidos que, durante la mesa de trabajo convocada por la Comisi\u00f3n de Justicia del Congreso local, manifestaron que adem\u00e1s de la b\u00fasqueda de su familiar tienen que atender la problem\u00e1tica de los hijos de \u00e9stos y que hay quienes est\u00e1n envueltos en las drogas o depresi\u00f3n.<br>Asimismo, a ellos se les contacta y se les ofrecen los servicios de atenci\u00f3n especializada en materia de victimiolog\u00eda para poder llevar a cabo el acompa\u00f1amiento de su problem\u00e1tica.<br>&#8220;Este padr\u00f3n, tal y como funciona el padr\u00f3n de hu\u00e9rfanos de feminicidio, pues homologar\u00edamos estas acciones para el tema de desaparecidos y no localizados, y desaparecidas y no localizadas; se genera la informaci\u00f3n que nos permite hacer un an\u00e1lisis de contexto y saber qui\u00e9nes son las v\u00edctimas indirectas que se generan por esta situaci\u00f3n, y es importante decir que tambi\u00e9n son de personas menores y mayores de 18 a\u00f1os, y se entrega ese insumo a los Gobiernos estatal y federal para que sean sujetos de programas de atenci\u00f3n\u201d, se\u00f1al\u00f3 la Fiscal.<br>N\u00fa\u00f1ez se\u00f1al\u00f3 que el Fiscal General asume la encomienda en el tema de desaparecidos y proporcionar\u00e1n la informaci\u00f3n, \u201cya lo tenemos en la Fiscal\u00eda Especializada en Feminicidios y nos comprometernos en que, en t\u00e9rmino de un mes, podamos proporcionar esa informaci\u00f3n y las acciones que se tienen tanto de los hechos recientes como de la larga data&#8221;.<br>La Fiscal N\u00fa\u00f1ez particip\u00f3 en la segunda mesa de trabajo para definir reformas legales en materia de desaparici\u00f3n de personas, y mencion\u00f3 que, s\u00f3lo considerando casos de mujeres, hay 427 desaparecidas y 31 por localizar, y, de manera preliminar, podr\u00eda hablarse que por cada una de ellas hay 3 hijos afectados.<\/p>\n","protected":false},"excerpt":{"rendered":"<p>Monterrey- La Fiscal\u00eda Especializada en Feminicidios anunci\u00f3 la creaci\u00f3n de un padr\u00f3n de hijos de desaparecidos que ser\u00e1 entregado al Ejecutivo estatal y federal en un mes, inform\u00f3 la titular de la dependencia, Griselda N\u00fa\u00f1ez, titular de la Fiscal\u00eda.El padr\u00f3n se realizar\u00e1 para atender una petici\u00f3n de familiares de desaparecidos que, durante la mesa de [&hellip;]<\/p>\n","protected":false},"author":1,"featured_media":76435,"comment_status":"open","ping_status":"open","sticky":true,"template":"","format":"standard","meta":{"footnotes":""},"categories":[6,3],"tags":[],"_links":{"self":[{"href":"https:\/\/diariodigitalmx.com\/index.php\/wp-json\/wp\/v2\/posts\/76433"}],"collection":[{"href":"https:\/\/diariodigitalmx.com\/index.php\/wp-json\/wp\/v2\/posts"}],"about":[{"href":"https:\/\/diariodigitalmx.com\/index.php\/wp-json\/wp\/v2\/types\/post"}],"author":[{"embeddable":true,"href":"https:\/\/diariodigitalmx.com\/index.php\/wp-json\/wp\/v2\/users\/1"}],"replies":[{"embeddable":true,"href":"https:\/\/diariodigitalmx.com\/index.php\/wp-json\/wp\/v2\/comments?post=76433"}],"version-history":[{"count":1,"href":"https:\/\/diariodigitalmx.com\/index.php\/wp-json\/wp\/v2\/posts\/76433\/revisions"}],"predecessor-version":[{"id":76434,"href":"https:\/\/diariodigitalmx.com\/index.php\/wp-json\/wp\/v2\/posts\/76433\/revisions\/76434"}],"wp:featuredmedia":[{"embeddable":true,"href":"https:\/\/diariodigitalmx.com\/index.php\/wp-json\/wp\/v2\/media\/76435"}],"wp:attachment":[{"href":"https:\/\/diariodigitalmx.com\/index.php\/wp-json\/wp\/v2\/media?parent=76433"}],"wp:term":[{"taxonomy":"category","embeddable":true,"href":"https:\/\/diariodigitalmx.com\/index.php\/wp-json\/wp\/v2\/categories?post=76433"},{"taxonomy":"post_tag","embeddable":true,"href":"https:\/\/diariodigitalmx.com\/index.php\/wp-json\/wp\/v2\/tags?post=76433"}],"curies":[{"name":"wp","href":"https:\/\/api.w.org\/{rel}","templated":true}]}}