{"id":76478,"date":"2022-05-18T07:20:26","date_gmt":"2022-05-18T12:20:26","guid":{"rendered":"http:\/\/diariodigitalmx.com\/?p=76478"},"modified":"2022-05-18T07:21:27","modified_gmt":"2022-05-18T12:21:27","slug":"titulo-42-no-debe-terminar-dice-alcalde-de-mcallen","status":"publish","type":"post","link":"https:\/\/diariodigitalmx.com\/index.php\/2022\/05\/18\/titulo-42-no-debe-terminar-dice-alcalde-de-mcallen\/","title":{"rendered":"T\u00edtulo 42 no debe terminar dice alcalde de McAllen"},"content":{"rendered":"\n<p>Por Rogelio Romero<\/p>\n\n\n\n<p>McAllen, Texas.- El alcalde de McAllen, Javier Villalobos, reiter\u00f3 que la medida de T\u00edtulo 42 no deber\u00eda llegar a su fin por razones de salud y seguridad p\u00fablica, adem\u00e1s de que se teme que la ciudad vuelva a experimentar la llegada de una gran cantidad de migrantes, esto cuando son liberados por la Patrulla Fronteriza.<\/p>\n\n\n\n<p>Record\u00f3 c\u00f3mo la administraci\u00f3n anterior encabezada por el ex alcalde, Jim Darling,&nbsp; tuvo que hacerle frente a la crisis migratoria que se vivi\u00f3 y lo cual puede volverse a repetir.<\/p>\n\n\n\n<p>Villalobos se refiere a que si se dan cruces masivos de personas indocumentadas y despu\u00e9s de que los aprehende la patrulla fronteriza califican para asilo humanitario, las autoridades migratorias los liberan dej\u00e1ndolos en la central de autobuses de la ciudad o en instalaciones del albergue migratorio local.<\/p>\n\n\n\n<p>El alcalde republicano alega que si se da una liberaci\u00f3n masiva de migrantes, que el gobierno federal facilite o active un \u00e1rea fuera de la ciudad, donde estos puedan ser albergados.<\/p>\n\n\n\n<p>Para ello las autoridades migratorias y el congresista Henry Cuellar hab\u00edan dicho que se podr\u00eda habilitar un campamento de migrantes, esto&nbsp; cerca del puente internacional Anzald\u00faas en la ciudad&nbsp; de Mission, en lo que ser\u00eda solo uno de varios albergues y, cuyo costo ser\u00eda de 200 millones de d\u00f3lares.<\/p>\n\n\n\n<p>Villalobos record\u00f3 que \u201cMcAllen es la sexta ciudad m\u00e1s segura del pa\u00eds\u201d y que no le gustar\u00eda que este aspecto del municipio se viera afectado.<\/p>\n","protected":false},"excerpt":{"rendered":"<p>Por Rogelio Romero McAllen, Texas.- El alcalde de McAllen, Javier Villalobos, reiter\u00f3 que la medida de T\u00edtulo 42 no deber\u00eda llegar a su fin por razones de salud y seguridad p\u00fablica, adem\u00e1s de que se teme que la ciudad vuelva a experimentar la llegada de una gran cantidad de migrantes, esto cuando son liberados por [&hellip;]<\/p>\n","protected":false},"author":1,"featured_media":76480,"comment_status":"open","ping_status":"open","sticky":true,"template":"","format":"standard","meta":{"footnotes":""},"categories":[14,4],"tags":[],"_links":{"self":[{"href":"https:\/\/diariodigitalmx.com\/index.php\/wp-json\/wp\/v2\/posts\/76478"}],"collection":[{"href":"https:\/\/diariodigitalmx.com\/index.php\/wp-json\/wp\/v2\/posts"}],"about":[{"href":"https:\/\/diariodigitalmx.com\/index.php\/wp-json\/wp\/v2\/types\/post"}],"author":[{"embeddable":true,"href":"https:\/\/diariodigitalmx.com\/index.php\/wp-json\/wp\/v2\/users\/1"}],"replies":[{"embeddable":true,"href":"https:\/\/diariodigitalmx.com\/index.php\/wp-json\/wp\/v2\/comments?post=76478"}],"version-history":[{"count":1,"href":"https:\/\/diariodigitalmx.com\/index.php\/wp-json\/wp\/v2\/posts\/76478\/revisions"}],"predecessor-version":[{"id":76479,"href":"https:\/\/diariodigitalmx.com\/index.php\/wp-json\/wp\/v2\/posts\/76478\/revisions\/76479"}],"wp:featuredmedia":[{"embeddable":true,"href":"https:\/\/diariodigitalmx.com\/index.php\/wp-json\/wp\/v2\/media\/76480"}],"wp:attachment":[{"href":"https:\/\/diariodigitalmx.com\/index.php\/wp-json\/wp\/v2\/media?parent=76478"}],"wp:term":[{"taxonomy":"category","embeddable":true,"href":"https:\/\/diariodigitalmx.com\/index.php\/wp-json\/wp\/v2\/categories?post=76478"},{"taxonomy":"post_tag","embeddable":true,"href":"https:\/\/diariodigitalmx.com\/index.php\/wp-json\/wp\/v2\/tags?post=76478"}],"curies":[{"name":"wp","href":"https:\/\/api.w.org\/{rel}","templated":true}]}}