{"id":76484,"date":"2022-05-18T13:25:18","date_gmt":"2022-05-18T18:25:18","guid":{"rendered":"http:\/\/diariodigitalmx.com\/?p=76484"},"modified":"2022-05-18T13:27:23","modified_gmt":"2022-05-18T18:27:23","slug":"generaran-empresarios-espanoles-inversiones-en-sector-energetico-en-nuevo-leon","status":"publish","type":"post","link":"https:\/\/diariodigitalmx.com\/index.php\/2022\/05\/18\/generaran-empresarios-espanoles-inversiones-en-sector-energetico-en-nuevo-leon\/","title":{"rendered":"Generar\u00e1n empresarios espa\u00f1oles inversiones en sector energ\u00e9tico en Nuevo Le\u00f3n"},"content":{"rendered":"\n<p>Con la realizaci\u00f3n de conferencias y una feria de exposiciones empresarios espa\u00f1oles buscan incrementar sus inversiones en Nuevo Le\u00f3n y M\u00e9xico en el sector energ\u00e9tico, al existir las condiciones para la apertura de nuevas plantas productoras y empleos.<\/p>\n\n\n\n<p>Mediante el Congreso Internacional Genera 2022, en el que participan como promotores Cintermex e IFEMA, que se llevar\u00e1 a cabo los dias 20, 21 y 22 de septiembre, se prev\u00e9 la participaci\u00f3n de m\u00e1s de un centenar de empresas mexicanas y espa\u00f1olas, con exposici\u00f3n de productos y programas, adem\u00e1s de conferencias magistrales de expertos en el sector de la generaci\u00f3n de energ\u00edas limpias.<\/p>\n\n\n\n<p>\u201cSe busca con este encuentro mostrar los principales avances en materia de generaci\u00f3n de energ\u00eda alternativa y eficiencia energ\u00e9tica, as\u00ed como las posibilidades de inversi\u00f3n directa con la apertura de plantas e\u00f3licas y de recursos biodegradables\u201d, explic\u00f3 Jaime de la Figuera, Director de Expansi\u00f3n Internacional de IFEMA (Espa\u00f1a).<\/p>\n\n\n\n<p>Por otra parte Eduardo S\u00e1nchez, Director de Fomento Energ\u00e9tico y Minero de Nuevo Le\u00f3n, indic\u00f3 que tras de la votaci\u00f3n en la C\u00e1mara de Diputados del Congreso de la Uni\u00f3n para rechazar el proyecto de Reforma El\u00e9ctrica planteado por el presidente Andr\u00e9s Manuel L\u00f3pez Obrador, las circunstancias cambiaron en el pa\u00eds, al existir un marco legal que permita dar certeza jur\u00eddica y viabilidad econ\u00f3mica a las inversiones privadas, tanto extranjeras como nacionales.<\/p>\n\n\n\n<figure class=\"wp-block-image size-large\"><img loading=\"lazy\" decoding=\"async\" width=\"1024\" height=\"768\" src=\"http:\/\/diariodigitalmx.com\/wp-content\/uploads\/2022\/05\/IMG-20220518-WA0016-1024x768.jpg\" alt=\"\" class=\"wp-image-76487\" srcset=\"https:\/\/diariodigitalmx.com\/wp-content\/uploads\/2022\/05\/IMG-20220518-WA0016-1024x768.jpg 1024w, https:\/\/diariodigitalmx.com\/wp-content\/uploads\/2022\/05\/IMG-20220518-WA0016-300x225.jpg 300w, https:\/\/diariodigitalmx.com\/wp-content\/uploads\/2022\/05\/IMG-20220518-WA0016-768x576.jpg 768w, https:\/\/diariodigitalmx.com\/wp-content\/uploads\/2022\/05\/IMG-20220518-WA0016-1536x1152.jpg 1536w, https:\/\/diariodigitalmx.com\/wp-content\/uploads\/2022\/05\/IMG-20220518-WA0016.jpg 1600w\" sizes=\"(max-width: 1024px) 100vw, 1024px\" \/><\/figure>\n\n\n\n<p>En el ciclo de conferencias que se ofrecer\u00e1n se abordar\u00e1n como temas prioritarios la importancia del sector energ\u00e9tico en M\u00e9xico para la atracci\u00f3n de Inversi\u00f3n Extranjera Directa, y el acercamiento de peque\u00f1as, medianas y grandes empresas a fuentes de energ\u00eda renovable e instrumentos de eficiencia energ\u00e9tica: horizonte y perspectivas.<\/p>\n\n\n\n<p>Adem\u00e1s se destaca la alianza estrat\u00e9gica entre IFEMA, como el principal recinto ferial de Espa\u00f1a y CINTERMEX M\u00e9xico, y el valor de Genera 2022 como espacio de debate y de alternativas para la generaci\u00f3n de energ\u00eda sustentable, tanto para las empresas de Nuevo Le\u00f3n como de todo el pa\u00eds.<\/p>\n","protected":false},"excerpt":{"rendered":"<p>Con la realizaci\u00f3n de conferencias y una feria de exposiciones empresarios espa\u00f1oles buscan incrementar sus inversiones en Nuevo Le\u00f3n y M\u00e9xico en el sector energ\u00e9tico, al existir las condiciones para la apertura de nuevas plantas productoras y empleos. Mediante el Congreso Internacional Genera 2022, en el que participan como promotores Cintermex e IFEMA, que se [&hellip;]<\/p>\n","protected":false},"author":1,"featured_media":76486,"comment_status":"open","ping_status":"open","sticky":true,"template":"","format":"standard","meta":{"footnotes":""},"categories":[14,10],"tags":[],"_links":{"self":[{"href":"https:\/\/diariodigitalmx.com\/index.php\/wp-json\/wp\/v2\/posts\/76484"}],"collection":[{"href":"https:\/\/diariodigitalmx.com\/index.php\/wp-json\/wp\/v2\/posts"}],"about":[{"href":"https:\/\/diariodigitalmx.com\/index.php\/wp-json\/wp\/v2\/types\/post"}],"author":[{"embeddable":true,"href":"https:\/\/diariodigitalmx.com\/index.php\/wp-json\/wp\/v2\/users\/1"}],"replies":[{"embeddable":true,"href":"https:\/\/diariodigitalmx.com\/index.php\/wp-json\/wp\/v2\/comments?post=76484"}],"version-history":[{"count":2,"href":"https:\/\/diariodigitalmx.com\/index.php\/wp-json\/wp\/v2\/posts\/76484\/revisions"}],"predecessor-version":[{"id":76488,"href":"https:\/\/diariodigitalmx.com\/index.php\/wp-json\/wp\/v2\/posts\/76484\/revisions\/76488"}],"wp:featuredmedia":[{"embeddable":true,"href":"https:\/\/diariodigitalmx.com\/index.php\/wp-json\/wp\/v2\/media\/76486"}],"wp:attachment":[{"href":"https:\/\/diariodigitalmx.com\/index.php\/wp-json\/wp\/v2\/media?parent=76484"}],"wp:term":[{"taxonomy":"category","embeddable":true,"href":"https:\/\/diariodigitalmx.com\/index.php\/wp-json\/wp\/v2\/categories?post=76484"},{"taxonomy":"post_tag","embeddable":true,"href":"https:\/\/diariodigitalmx.com\/index.php\/wp-json\/wp\/v2\/tags?post=76484"}],"curies":[{"name":"wp","href":"https:\/\/api.w.org\/{rel}","templated":true}]}}