{"id":76489,"date":"2022-05-18T14:16:58","date_gmt":"2022-05-18T19:16:58","guid":{"rendered":"http:\/\/diariodigitalmx.com\/?p=76489"},"modified":"2022-05-18T14:19:15","modified_gmt":"2022-05-18T19:19:15","slug":"aprueban-tarifazo-al-metro-regiomontano","status":"publish","type":"post","link":"https:\/\/diariodigitalmx.com\/index.php\/2022\/05\/18\/aprueban-tarifazo-al-metro-regiomontano\/","title":{"rendered":"Aprueban tarifazo al Metro regiomontano"},"content":{"rendered":"\n<p>*Como oposici\u00f3n, Samuel Garc\u00eda lo rechaz\u00f3; ahora en el gobierno lo aprob\u00f3<\/p>\n\n\n\n<p><br>Monterrey.- Contrario a lo que se opon\u00eda como Senador, el gobierno estatal de Samuel Garc\u00eda Sep\u00falveda impuls\u00f3 y aprob\u00f3 un incremento a la tarifa del Metro.<br>De esta manera, se aprob\u00f3 aqu\u00ed elevar de entrada un peso la tarifa del Metro, y posteriormente un deslizamiento de 10 centavos mensuales hasta alcanzar los 9 pesos.<br>La tarifa avalada por el Consejo de Administraci\u00f3n de Metrorrey, el organismo gubernamental, que controla el Metro, pasa ahora de 4.50 a 5.50 y entra en vigor el primero de junio.<br>Hern\u00e1n Villarreal, Secretario de Movilidad estatal, justific\u00f3 el alza tarifaria porque les entregaron en el gobierno pasado, una red desmantelada por corrupci\u00f3n e ineptitud, por lo que cree es el momento de sacar al Metro del estancamiento.<br>&#8220;Por eso se aprob\u00f3 implementar un ajuste tarifario, lo que dar\u00e1 al Metro 60 millones de pesos extras&#8221;.<br>Al justificar m\u00e1s el alza de tarifa sigui\u00f3 con la menci\u00f3n de las fallas que le dej\u00f3 el gobierno anterior, pues les vaciaron almacenes, les dejaron deudas y demandas por 150 millones de pesos, compraron vagones usados que no funcionan y 80 mil sujetadores con fallas.<\/p>\n\n\n\n<p>Villarreal asegura que Metrorrey est\u00e1 en su peor crisis y que los recursos que entran por el incremento, ser\u00e1n para dar mantenimiento a ese sistema de transporte<br>Sin embargo, adelant\u00f3 que, a pesar del ajuste, el Metro requerir\u00e1 subsidio de parte del Estado.<br>Y adem\u00e1s, los usuarios deber\u00e1n usar una tarifa de prepago, que recibir\u00e1 recargas electr\u00f3nicas, por lo que ya se licita un nuevo sistema.<br>Actualmente se paga en efectivo o a trav\u00e9s de una tarjeta prepago.<br>Oposici\u00f3n<br>Por otro lado, diputados del PAN, del PRI y de Morena, se opusieron al incremento tarifario en el Metro y argumentaron que no puede darse un alza en un servicio que es ineficiente, con fallas y con una infraestructura en decadencia.<br>En contrapartida, los legisladores de Movimiento Ciudadano, se apresuraron a apoyar la medida gubernamental del alza, pues consideran que con ello se mejorar\u00e1 el servicio.<br>Como senador, Samuel Garc\u00eda se opuso a cualquier intento de elevar las tarifas no solo del transporte, sino del sistema camionero en general.<\/p>\n","protected":false},"excerpt":{"rendered":"<p>*Como oposici\u00f3n, Samuel Garc\u00eda lo rechaz\u00f3; ahora en el gobierno lo aprob\u00f3 Monterrey.- Contrario a lo que se opon\u00eda como Senador, el gobierno estatal de Samuel Garc\u00eda Sep\u00falveda impuls\u00f3 y aprob\u00f3 un incremento a la tarifa del Metro.De esta manera, se aprob\u00f3 aqu\u00ed elevar de entrada un peso la tarifa del Metro, y posteriormente un [&hellip;]<\/p>\n","protected":false},"author":1,"featured_media":76491,"comment_status":"open","ping_status":"open","sticky":true,"template":"","format":"standard","meta":{"footnotes":""},"categories":[6,3],"tags":[],"_links":{"self":[{"href":"https:\/\/diariodigitalmx.com\/index.php\/wp-json\/wp\/v2\/posts\/76489"}],"collection":[{"href":"https:\/\/diariodigitalmx.com\/index.php\/wp-json\/wp\/v2\/posts"}],"about":[{"href":"https:\/\/diariodigitalmx.com\/index.php\/wp-json\/wp\/v2\/types\/post"}],"author":[{"embeddable":true,"href":"https:\/\/diariodigitalmx.com\/index.php\/wp-json\/wp\/v2\/users\/1"}],"replies":[{"embeddable":true,"href":"https:\/\/diariodigitalmx.com\/index.php\/wp-json\/wp\/v2\/comments?post=76489"}],"version-history":[{"count":3,"href":"https:\/\/diariodigitalmx.com\/index.php\/wp-json\/wp\/v2\/posts\/76489\/revisions"}],"predecessor-version":[{"id":76493,"href":"https:\/\/diariodigitalmx.com\/index.php\/wp-json\/wp\/v2\/posts\/76489\/revisions\/76493"}],"wp:featuredmedia":[{"embeddable":true,"href":"https:\/\/diariodigitalmx.com\/index.php\/wp-json\/wp\/v2\/media\/76491"}],"wp:attachment":[{"href":"https:\/\/diariodigitalmx.com\/index.php\/wp-json\/wp\/v2\/media?parent=76489"}],"wp:term":[{"taxonomy":"category","embeddable":true,"href":"https:\/\/diariodigitalmx.com\/index.php\/wp-json\/wp\/v2\/categories?post=76489"},{"taxonomy":"post_tag","embeddable":true,"href":"https:\/\/diariodigitalmx.com\/index.php\/wp-json\/wp\/v2\/tags?post=76489"}],"curies":[{"name":"wp","href":"https:\/\/api.w.org\/{rel}","templated":true}]}}