{"id":76494,"date":"2022-05-18T16:02:59","date_gmt":"2022-05-18T21:02:59","guid":{"rendered":"http:\/\/diariodigitalmx.com\/?p=76494"},"modified":"2022-05-18T16:11:06","modified_gmt":"2022-05-18T21:11:06","slug":"incremento-salarial-para-policias-en-escobedo-ademas-se-otorgan-ascenso-en-grados","status":"publish","type":"post","link":"https:\/\/diariodigitalmx.com\/index.php\/2022\/05\/18\/incremento-salarial-para-policias-en-escobedo-ademas-se-otorgan-ascenso-en-grados\/","title":{"rendered":"Incremento salarial para polic\u00edas en Escobedo; adem\u00e1s, se otorgan ascenso en grados"},"content":{"rendered":"\n<figure class=\"wp-block-video\"><video controls src=\"http:\/\/diariodigitalmx.com\/wp-content\/uploads\/2022\/05\/ACENSO-Y-POSICION-DE-GRADO-C4-MEDIOS-ASPECTOS.mp4\"><\/video><\/figure>\n\n\n\n<p>Al celebrar el ascenso e imposici\u00f3n de grados a personal operativo de la Secretar\u00eda de Seguridad Ciudadana, el Gobierno de Escobedo anunci\u00f3 un incremento salarial del cuatro por ciento para los uniformados.<br>El Alcalde Andr\u00e9s Mijes reconoci\u00f3 el esfuerzo y desempe\u00f1o de cada uno de los polic\u00edas, precis\u00f3 que la Administraci\u00f3n est\u00e1 trabajando intensamente por dignificar su funci\u00f3n, por ello, adelant\u00f3 el aumento de sueldo, adquisici\u00f3n de nuevas patrullas y uniformes para que ejerzan su labor con mejores herramientas y mayor calidad.<\/p>\n\n\n\n<figure class=\"wp-block-image size-large\"><img loading=\"lazy\" decoding=\"async\" width=\"1024\" height=\"683\" src=\"http:\/\/diariodigitalmx.com\/wp-content\/uploads\/2022\/05\/Q9A5097-1024x683.jpg\" alt=\"\" class=\"wp-image-76501\" srcset=\"https:\/\/diariodigitalmx.com\/wp-content\/uploads\/2022\/05\/Q9A5097-1024x683.jpg 1024w, https:\/\/diariodigitalmx.com\/wp-content\/uploads\/2022\/05\/Q9A5097-300x200.jpg 300w, https:\/\/diariodigitalmx.com\/wp-content\/uploads\/2022\/05\/Q9A5097-768x512.jpg 768w, https:\/\/diariodigitalmx.com\/wp-content\/uploads\/2022\/05\/Q9A5097-1536x1024.jpg 1536w, https:\/\/diariodigitalmx.com\/wp-content\/uploads\/2022\/05\/Q9A5097-2048x1365.jpg 2048w\" sizes=\"(max-width: 1024px) 100vw, 1024px\" \/><\/figure>\n\n\n\n<p><br>\u201cA partir de junio hay un aumento del cuatro por ciento para toda la corporaci\u00f3n, el compromiso de la administraci\u00f3n es que cada a\u00f1o se aumente el salario, gracias por su labor, estoy muy orgulloso de nuestra polic\u00eda\u201d.<br>Durante el evento, que se realiz\u00f3 en la Explanada de la Academia de Formaci\u00f3n Policial de la Secretar\u00eda Ciudadana, 13 elementos recibieron el ascenso de grado.<\/p>\n\n\n\n<figure class=\"wp-block-image size-large\"><img loading=\"lazy\" decoding=\"async\" width=\"1024\" height=\"683\" src=\"http:\/\/diariodigitalmx.com\/wp-content\/uploads\/2022\/05\/Q9A4939-1024x683.jpg\" alt=\"\" class=\"wp-image-76504\" srcset=\"https:\/\/diariodigitalmx.com\/wp-content\/uploads\/2022\/05\/Q9A4939-1024x683.jpg 1024w, https:\/\/diariodigitalmx.com\/wp-content\/uploads\/2022\/05\/Q9A4939-300x200.jpg 300w, https:\/\/diariodigitalmx.com\/wp-content\/uploads\/2022\/05\/Q9A4939-768x512.jpg 768w, https:\/\/diariodigitalmx.com\/wp-content\/uploads\/2022\/05\/Q9A4939-1536x1024.jpg 1536w, https:\/\/diariodigitalmx.com\/wp-content\/uploads\/2022\/05\/Q9A4939-2048x1365.jpg 2048w\" sizes=\"(max-width: 1024px) 100vw, 1024px\" \/><\/figure>\n\n\n\n<p><br>\u201cHoy nuestro municipio tiene polic\u00edas mejor capacitados y mejor pagados reconozco este esfuerzo que hicieron en las pruebas para ascender de grado; su car\u00e1cter de emprendedor, esp\u00edritu competitivo, destacada creatividad los han acompa\u00f1ado en su camino al \u00e9xito y han hecho posible<br>se justifique su ascenso\u201d.<\/p>\n\n\n\n<figure class=\"wp-block-image size-large\"><img loading=\"lazy\" decoding=\"async\" width=\"1024\" height=\"684\" src=\"http:\/\/diariodigitalmx.com\/wp-content\/uploads\/2022\/05\/Q9A4949-1024x684.jpg\" alt=\"\" class=\"wp-image-76506\" srcset=\"https:\/\/diariodigitalmx.com\/wp-content\/uploads\/2022\/05\/Q9A4949-1024x684.jpg 1024w, https:\/\/diariodigitalmx.com\/wp-content\/uploads\/2022\/05\/Q9A4949-300x200.jpg 300w, https:\/\/diariodigitalmx.com\/wp-content\/uploads\/2022\/05\/Q9A4949-768x513.jpg 768w, https:\/\/diariodigitalmx.com\/wp-content\/uploads\/2022\/05\/Q9A4949-1536x1026.jpg 1536w, https:\/\/diariodigitalmx.com\/wp-content\/uploads\/2022\/05\/Q9A4949-2048x1369.jpg 2048w\" sizes=\"(max-width: 1024px) 100vw, 1024px\" \/><\/figure>\n\n\n\n<p><br>El Presidente Municipal coloc\u00f3 las insignias al personal de las diferentes jerarqu\u00edas que participaron en la promoci\u00f3n 2022 y que, por sus calificaciones sobresalientes, obtuvieron el ascenso al grado inmediato.<br>Durante el evento estuvieron presentes el Secretario de Seguridad Ciudadana,<br>Hermelindo Lara Cruz, el Secretario de Finanzas y Tesorer\u00eda, Jaime Zurricanday Cortaza y la Regidora Rosalba Gonz\u00e1lez L\u00f3pez, Presidenta de la Comisi\u00f3n de Seguridad P\u00fablica Municipal y Protecci\u00f3n Civil.<\/p>\n\n\n\n<figure class=\"wp-block-image size-large\"><img loading=\"lazy\" decoding=\"async\" width=\"1024\" height=\"663\" src=\"http:\/\/diariodigitalmx.com\/wp-content\/uploads\/2022\/05\/Q9A5102-1024x663.jpg\" alt=\"\" class=\"wp-image-76499\" srcset=\"https:\/\/diariodigitalmx.com\/wp-content\/uploads\/2022\/05\/Q9A5102-1024x663.jpg 1024w, https:\/\/diariodigitalmx.com\/wp-content\/uploads\/2022\/05\/Q9A5102-300x194.jpg 300w, https:\/\/diariodigitalmx.com\/wp-content\/uploads\/2022\/05\/Q9A5102-768x497.jpg 768w, https:\/\/diariodigitalmx.com\/wp-content\/uploads\/2022\/05\/Q9A5102-1536x994.jpg 1536w, https:\/\/diariodigitalmx.com\/wp-content\/uploads\/2022\/05\/Q9A5102-2048x1325.jpg 2048w\" sizes=\"(max-width: 1024px) 100vw, 1024px\" \/><\/figure>\n","protected":false},"excerpt":{"rendered":"<p>Al celebrar el ascenso e imposici\u00f3n de grados a personal operativo de la Secretar\u00eda de Seguridad Ciudadana, el Gobierno de Escobedo anunci\u00f3 un incremento salarial del cuatro por ciento para los uniformados.El Alcalde Andr\u00e9s Mijes reconoci\u00f3 el esfuerzo y desempe\u00f1o de cada uno de los polic\u00edas, precis\u00f3 que la Administraci\u00f3n est\u00e1 trabajando intensamente por dignificar [&hellip;]<\/p>\n","protected":false},"author":1,"featured_media":76495,"comment_status":"open","ping_status":"open","sticky":true,"template":"","format":"standard","meta":{"footnotes":""},"categories":[6,3],"tags":[],"_links":{"self":[{"href":"https:\/\/diariodigitalmx.com\/index.php\/wp-json\/wp\/v2\/posts\/76494"}],"collection":[{"href":"https:\/\/diariodigitalmx.com\/index.php\/wp-json\/wp\/v2\/posts"}],"about":[{"href":"https:\/\/diariodigitalmx.com\/index.php\/wp-json\/wp\/v2\/types\/post"}],"author":[{"embeddable":true,"href":"https:\/\/diariodigitalmx.com\/index.php\/wp-json\/wp\/v2\/users\/1"}],"replies":[{"embeddable":true,"href":"https:\/\/diariodigitalmx.com\/index.php\/wp-json\/wp\/v2\/comments?post=76494"}],"version-history":[{"count":7,"href":"https:\/\/diariodigitalmx.com\/index.php\/wp-json\/wp\/v2\/posts\/76494\/revisions"}],"predecessor-version":[{"id":76509,"href":"https:\/\/diariodigitalmx.com\/index.php\/wp-json\/wp\/v2\/posts\/76494\/revisions\/76509"}],"wp:featuredmedia":[{"embeddable":true,"href":"https:\/\/diariodigitalmx.com\/index.php\/wp-json\/wp\/v2\/media\/76495"}],"wp:attachment":[{"href":"https:\/\/diariodigitalmx.com\/index.php\/wp-json\/wp\/v2\/media?parent=76494"}],"wp:term":[{"taxonomy":"category","embeddable":true,"href":"https:\/\/diariodigitalmx.com\/index.php\/wp-json\/wp\/v2\/categories?post=76494"},{"taxonomy":"post_tag","embeddable":true,"href":"https:\/\/diariodigitalmx.com\/index.php\/wp-json\/wp\/v2\/tags?post=76494"}],"curies":[{"name":"wp","href":"https:\/\/api.w.org\/{rel}","templated":true}]}}