{"id":76516,"date":"2022-05-18T16:38:23","date_gmt":"2022-05-18T21:38:23","guid":{"rendered":"http:\/\/diariodigitalmx.com\/?p=76516"},"modified":"2022-05-18T16:39:22","modified_gmt":"2022-05-18T21:39:22","slug":"dice-papa-de-debanhi-que-hay-mucho-por-decir","status":"publish","type":"post","link":"https:\/\/diariodigitalmx.com\/index.php\/2022\/05\/18\/dice-papa-de-debanhi-que-hay-mucho-por-decir\/","title":{"rendered":"Dice pap\u00e1 de Debanhi que hay mucho por decir"},"content":{"rendered":"\n<p>Monterrey- La carpeta de investigaci\u00f3n del caso Debanhi sigue abierta, no se descarta ninguna l\u00ednea, adem\u00e1s de que hay muchos videos que se revisan en torno a la muerte de la joven de 18 a\u00f1os.<br>Mario Escobar, el pap\u00e1 de Debanhi inform\u00f3 que siguen las investigaciones en torno a la muerte de su hija y asegura que han encontrado \u201cmuchas cosas\u201d, luego de revisar las grabaciones de las c\u00e1maras de seguridad.<br>Escobar asisti\u00f3 a la Fiscal\u00eda Especializada en Feminicidios y Delitos contra las Mujeres para seguir con la carpeta de investigaci\u00f3n, y de acuerdo a su declaraci\u00f3n, han trabajado en muchos videos en el seguimiento de las investigaciones.<br>Explica que se han encontrado muchas cosas, pero rechaz\u00f3 adelantar porque es el acuerdo al que se lleg\u00f3 con la autoridad, que incluye la Federal.<br>&#8220;No hemos descartado nada, nada, nada, totalmente nada, as\u00ed para que les quede bien claro, muchas cosas, pero no puedo adelantar&#8221;, agreg\u00f3.<br>Insisti\u00f3 en que son acuerdos que tiene que respetar para poder seguir con esta diligencia a conveniencia del caso de Debanhi.<br>Seg\u00fan Escobar, en la conferencia de prensa este jueves 19 de mayo se dar\u00e1 informaci\u00f3n por parte de las autoridades de la Fiscal\u00eda.<br>Tras sepultar a su hija, Escobar ha insistido en que hay feminicidio, que su hija fue asesinada y posteriormente se sembr\u00f3 el cuerpo en la cisterna del Motel Nueva Castilla.<br>As\u00ed mismo en d\u00edas pasados se dio a conocer la segunda autopsia que mand\u00f3 hacer con peritos particulares, los cuales, habr\u00edan culminado que Debanhi fue abusada sexualmente y luego asesinada, lo que contrasta con los resultados de la necropsia de la Fiscal\u00eda.<br>Seg\u00fan Escobar en total hay 15 c\u00e1maras de seguridad en el motel Nueva Castilla.<br>Debanhi Escobar muri\u00f3 la madrugada del 9 de abril y su cuerpo se localiz\u00f3 el 21 del mismo mes.<\/p>\n","protected":false},"excerpt":{"rendered":"<p>Monterrey- La carpeta de investigaci\u00f3n del caso Debanhi sigue abierta, no se descarta ninguna l\u00ednea, adem\u00e1s de que hay muchos videos que se revisan en torno a la muerte de la joven de 18 a\u00f1os.Mario Escobar, el pap\u00e1 de Debanhi inform\u00f3 que siguen las investigaciones en torno a la muerte de su hija y asegura [&hellip;]<\/p>\n","protected":false},"author":1,"featured_media":76518,"comment_status":"open","ping_status":"open","sticky":true,"template":"","format":"standard","meta":{"footnotes":""},"categories":[14,6],"tags":[],"_links":{"self":[{"href":"https:\/\/diariodigitalmx.com\/index.php\/wp-json\/wp\/v2\/posts\/76516"}],"collection":[{"href":"https:\/\/diariodigitalmx.com\/index.php\/wp-json\/wp\/v2\/posts"}],"about":[{"href":"https:\/\/diariodigitalmx.com\/index.php\/wp-json\/wp\/v2\/types\/post"}],"author":[{"embeddable":true,"href":"https:\/\/diariodigitalmx.com\/index.php\/wp-json\/wp\/v2\/users\/1"}],"replies":[{"embeddable":true,"href":"https:\/\/diariodigitalmx.com\/index.php\/wp-json\/wp\/v2\/comments?post=76516"}],"version-history":[{"count":1,"href":"https:\/\/diariodigitalmx.com\/index.php\/wp-json\/wp\/v2\/posts\/76516\/revisions"}],"predecessor-version":[{"id":76517,"href":"https:\/\/diariodigitalmx.com\/index.php\/wp-json\/wp\/v2\/posts\/76516\/revisions\/76517"}],"wp:featuredmedia":[{"embeddable":true,"href":"https:\/\/diariodigitalmx.com\/index.php\/wp-json\/wp\/v2\/media\/76518"}],"wp:attachment":[{"href":"https:\/\/diariodigitalmx.com\/index.php\/wp-json\/wp\/v2\/media?parent=76516"}],"wp:term":[{"taxonomy":"category","embeddable":true,"href":"https:\/\/diariodigitalmx.com\/index.php\/wp-json\/wp\/v2\/categories?post=76516"},{"taxonomy":"post_tag","embeddable":true,"href":"https:\/\/diariodigitalmx.com\/index.php\/wp-json\/wp\/v2\/tags?post=76516"}],"curies":[{"name":"wp","href":"https:\/\/api.w.org\/{rel}","templated":true}]}}