{"id":76519,"date":"2022-05-18T19:02:18","date_gmt":"2022-05-19T00:02:18","guid":{"rendered":"http:\/\/diariodigitalmx.com\/?p=76519"},"modified":"2022-05-18T19:06:37","modified_gmt":"2022-05-19T00:06:37","slug":"gobernador-o-youtuber","status":"publish","type":"post","link":"https:\/\/diariodigitalmx.com\/index.php\/2022\/05\/18\/gobernador-o-youtuber\/","title":{"rendered":"Gobernador o Youtuber"},"content":{"rendered":"\n<p>Por Salvador Hern\u00e1ndez <strong><em>LANDEROS<\/em><\/strong><\/p>\n\n\n\n<p>Samuel Garc\u00eda debe definirse. <strong><em>Si seguir siendo un gobernador auto devaluado, o ser un Youtuber idiotizador como los que abundan en las redes sociales<\/em><\/strong>.<\/p>\n\n\n\n<p>Es lamentable decirlo, pero <strong><em>\u00e9l solo se ha destruido en poco tiempo un futuro pol\u00edtico que se ve\u00eda prometedor<\/em><\/strong> y, de paso, perjudicando a futuras generaciones.<\/p>\n\n\n\n<p>El nuevo Nuevo Le\u00f3n no tiene la grandeza de antes. <strong><em>Desde el inicio del Milenio ha deca\u00eddo en lo social y cultural. En lo pol\u00edtico est\u00e1 en el suelo, sin l\u00edderes<\/em><\/strong>.<\/p>\n\n\n\n<p><strong><em>Presume tener licenciatura y tres doctorados y no est\u00e1 a la altura de ellos<\/em><\/strong>. Sin esos t\u00edtulos, sus antecesores antes del milenio, fueron verdaderos gobernantes.<\/p>\n\n\n\n<p><strong><em>El gobernador es el gobernador. Y como tal, responsable de todo lo que ocurra en su Estado<\/em><\/strong>. No ocultar su incapacidad con visiones y acusaciones pla\u00f1ideras.<\/p>\n\n\n\n<p>Su verborrea imaginaria, con \u201cincendios provocados donde hay mujeres, ni\u00f1os, ni\u00f1as y beb\u00e9s para desestabilizarlo\u201d, <strong><em>lo ubican en una mentalidad complicada<\/em><\/strong>.<\/p>\n\n\n\n<p>En los meses que lleva gobernando, <strong><em>mostr\u00f3 que no tiene oficio ni peso pol\u00edtico<\/em><\/strong>. Al <strong><em>echarse \u201cp\u00e1 delante<\/em><\/strong>\u201d se escuda o cobija aludiendo a su <strong><em>\u201ccompadre<\/em><\/strong>\u201d Colosio.<\/p>\n\n\n\n<p>Su falta de oficio es notoria. <strong><em>Sin decir nombres arremeti\u00f3 contra alcaldes que simplemente lo ignoraron y no se gancharon<\/em><\/strong>. En el primer raund lo noquearon.<\/p>\n\n\n\n<p><strong><em>\u00c9l mismo, con sus palabras se autodeval\u00faa<\/em><\/strong>. Dice que: \u201c<strong><em>habl\u00f3 con el Vice fiscal Luis Enrique Orozco<\/em><\/strong> y pidi\u00f3 una investigaci\u00f3n y sanci\u00f3n a los responsables\u201d<\/p>\n\n\n\n<p><strong><em>\u201cLe pido p\u00fablicamente a la Fiscal\u00eda que investigue y sancione muy duro a estas personas que no se en que mundo viven sin escr\u00fapulos\u201d (sic)<\/em><\/strong><\/p>\n\n\n\n<p>Se supone que Samuel es abogado. Sabe que hay cauces legales para denunciar. Entonces, <strong><em>\u00bfPor qu\u00e9 dirigirse a los pies y no a la cabeza de la fiscal\u00eda general<\/em><\/strong>?<\/p>\n\n\n\n<p><a href=\"mailto:chavalolanderos@yahoo.com.mx\">chavalolanderos@yahoo.com.mx<\/a><\/p>\n","protected":false},"excerpt":{"rendered":"<p>Por Salvador Hern\u00e1ndez LANDEROS Samuel Garc\u00eda debe definirse. Si seguir siendo un gobernador auto devaluado, o ser un Youtuber idiotizador como los que abundan en las redes sociales. Es lamentable decirlo, pero \u00e9l solo se ha destruido en poco tiempo un futuro pol\u00edtico que se ve\u00eda prometedor y, de paso, perjudicando a futuras generaciones. El [&hellip;]<\/p>\n","protected":false},"author":1,"featured_media":76522,"comment_status":"open","ping_status":"open","sticky":true,"template":"","format":"standard","meta":{"footnotes":""},"categories":[14,12],"tags":[],"_links":{"self":[{"href":"https:\/\/diariodigitalmx.com\/index.php\/wp-json\/wp\/v2\/posts\/76519"}],"collection":[{"href":"https:\/\/diariodigitalmx.com\/index.php\/wp-json\/wp\/v2\/posts"}],"about":[{"href":"https:\/\/diariodigitalmx.com\/index.php\/wp-json\/wp\/v2\/types\/post"}],"author":[{"embeddable":true,"href":"https:\/\/diariodigitalmx.com\/index.php\/wp-json\/wp\/v2\/users\/1"}],"replies":[{"embeddable":true,"href":"https:\/\/diariodigitalmx.com\/index.php\/wp-json\/wp\/v2\/comments?post=76519"}],"version-history":[{"count":1,"href":"https:\/\/diariodigitalmx.com\/index.php\/wp-json\/wp\/v2\/posts\/76519\/revisions"}],"predecessor-version":[{"id":76520,"href":"https:\/\/diariodigitalmx.com\/index.php\/wp-json\/wp\/v2\/posts\/76519\/revisions\/76520"}],"wp:featuredmedia":[{"embeddable":true,"href":"https:\/\/diariodigitalmx.com\/index.php\/wp-json\/wp\/v2\/media\/76522"}],"wp:attachment":[{"href":"https:\/\/diariodigitalmx.com\/index.php\/wp-json\/wp\/v2\/media?parent=76519"}],"wp:term":[{"taxonomy":"category","embeddable":true,"href":"https:\/\/diariodigitalmx.com\/index.php\/wp-json\/wp\/v2\/categories?post=76519"},{"taxonomy":"post_tag","embeddable":true,"href":"https:\/\/diariodigitalmx.com\/index.php\/wp-json\/wp\/v2\/tags?post=76519"}],"curies":[{"name":"wp","href":"https:\/\/api.w.org\/{rel}","templated":true}]}}