{"id":76533,"date":"2022-05-19T07:13:24","date_gmt":"2022-05-19T12:13:24","guid":{"rendered":"http:\/\/diariodigitalmx.com\/?p=76533"},"modified":"2022-05-19T07:14:02","modified_gmt":"2022-05-19T12:14:02","slug":"de-frente-y-de-perfil-142","status":"publish","type":"post","link":"https:\/\/diariodigitalmx.com\/index.php\/2022\/05\/19\/de-frente-y-de-perfil-142\/","title":{"rendered":"De frente y de perfil"},"content":{"rendered":"\n<p>Ram\u00f3n Zurita Sahag\u00fan <\/p>\n\n\n\n<p>LA REFORMA ELECTORAL EST\u00c1 MUERTA<\/p>\n\n\n\n<p>Los altos mandos de MORENA presupon\u00edan que en agosto pr\u00f3ximo estar\u00eda lista la Reforma Electoral, una de las tres reformas constitucionales previstas para la segunda parte del gobierno l\u00f3pezobradorista.<\/p>\n\n\n\n<p>El entusiasmo del Presidente y de sus dos redactores de dicha reforma (Pablo G\u00f3mez y Horacio Duarte) rebotaba ante los engrandecidos miembros de la oposici\u00f3n (PAN, PRI y PRD), que advirtieron desde un inicio, no pasar\u00e1.<\/p>\n\n\n\n<p>Con todo y ello la efervescencia del partido en el poder era grande y consideraban que conseguir\u00edan el n\u00famero extra de diputados, para consolidar el proyecto del Ejecutivo federal.<\/p>\n\n\n\n<p>Y es que ya se considera \u201cnormal\u201d que cada nuevo gobierno proponga cambios en la legislaci\u00f3n electoral, por lo que de aquella LOPPE de los a\u00f1os setenta a la ley vigente hay un gran tramo de diferencia.<\/p>\n\n\n\n<p>No conforme con los muchos cambios que se han hecho, la que se pretende trae un gran n\u00famero de modificaciones, desde la desaparici\u00f3n del Instituto Nacional Electoral que se convertir\u00eda en el Instituto Nacional de Elecciones y Consultas (INEC).<\/p>\n\n\n\n<p>El nombre es lo de menos, ya que los organizadores de los comicios han pasado de ser la Comisi\u00f3n Federal Electoral al Instituto Federal Electoral, Instituto Nacional Electoral y ahora se pretende un nuevo nombre.<\/p>\n\n\n\n<p>Pero con el arribo del nuevo nombre tambi\u00e9n se dar\u00eda la desaparici\u00f3n las OPLES y los Tribunales Electorales locales, para que todo se concentrara en los organismos nacionales.<\/p>\n\n\n\n<p>La reducci\u00f3n del n\u00famero de diputados y senadores se producir\u00eda, en la eventualidad de que fuese aprobada dicha reforma, dejando en 300 los diputados y 96 senadores, los que ser\u00edan seleccionados de acuerdo al n\u00famero de votantes de cada partido y no con base en el voto directo.<\/p>\n\n\n\n<p>Al igual que la reducci\u00f3n de la cifra de legisladores de producir\u00eda tambi\u00e9n la de consejeros, que quedar\u00eda en un n\u00famero de siete, en total.<\/p>\n\n\n\n<p>Aqu\u00ed cabe destacar se propondr\u00eda la elecci\u00f3n popular de consejeros y magistrados del Tribunal Electoral del Poder Judicial de la Federaci\u00f3n.<\/p>\n\n\n\n<p>Otra disminuci\u00f3n vendr\u00eda en lo concerniente a las regidur\u00edas municipales, las que tender\u00edan a disminuir.<\/p>\n\n\n\n<p>La idea es de conjuntar en una sola ley electoral nacional, todo los correspondientes a comicios, sin importar si estos son federales, estatales o locales.<\/p>\n\n\n\n<p>De la misma forma se disminuir\u00edan los tiempos en radio y tv para los partidos, para terminar con esa inacabable verborrea de anuncios en tropel que se dan cada fecha de elecciones.<\/p>\n\n\n\n<p>Seg\u00fan las cuentas alegres de MORENA, con estas modificaciones se lograr\u00edan ahorros cercanos a los 24 mil millones de pesos.<\/p>\n\n\n\n<p>A propuesta que se anunci\u00f3 con gran j\u00fabilo y que, supuestamente, se discutir\u00eda en un per\u00edodo extraordinario del Congreso de la Uni\u00f3n, parece dormir un letargo y los redactores de la misma (G\u00f3mez y Duarte) concentrados en las tareas propias de sus encargos p\u00fablicos no la han terminado.<\/p>\n\n\n\n<p>Sin embargo, desde un inicio, la alianza opositora la rechaz\u00f3 y aunque panistas y priistas se encuentran elaborando la propia, donde rechazan la mayor\u00eda de las propuestas de MORENA, se duda que pueda estar lista para discutirla en el siguiente per\u00edodo ordinario de sesiones que inicia el primero de septiembre.<\/p>\n\n\n\n<p>La Reforma Electoral parece estar destinada al fracaso, ya que se considera que tampoco la de panistas y priistas ser\u00eda aprobada, pues por ser constitucional se requiere de las dos terceras partes de diputados y senadores para su aprobaci\u00f3n.<\/p>\n\n\n\n<pre class=\"wp-block-code\"><code>                                                       \u2026\u2026\u2026\u2026\u2026\u2026\u2026 <\/code><\/pre>\n\n\n\n<p>Interesantes los conceptos de la dirigencia nacional priista vertidos en la explanada del Senado de la Rep\u00fablica, hasta donde acudieron Alejandro Moreno, presidente del partido; Rub\u00e9n Moreira, coordinaci\u00f3n de la diputaci\u00f3n tricolor y otros diputados y senadores. Los priistas presentar\u00e1n denuncias en contra de Claudia Sheinbaum, Ad\u00e1n Augusto L\u00f3pez y Marcelo Ebrard por su constante presencia en eventos de los candidatos de MORENA a los gobiernos estatales en disputa el primer domingo de junio\u2026 Mal le est\u00e1 yendo a Laura Fern\u00e1ndez, candidata del PAN y PRD al gobierno de Quintana Roo, ya que fue denunciada por otorgar dos contratos por 20 a\u00f1os a su esposo, Carlos Alberto Moyano, durante su estancia como alcaldesa de Puerto Morelos. Los contratos superan los ochocientos millones de pesos.<\/p>\n\n\n\n<p>Email: ramonzurita44@hotmail.com<\/p>\n","protected":false},"excerpt":{"rendered":"<p>Ram\u00f3n Zurita Sahag\u00fan LA REFORMA ELECTORAL EST\u00c1 MUERTA Los altos mandos de MORENA presupon\u00edan que en agosto pr\u00f3ximo estar\u00eda lista la Reforma Electoral, una de las tres reformas constitucionales previstas para la segunda parte del gobierno l\u00f3pezobradorista. El entusiasmo del Presidente y de sus dos redactores de dicha reforma (Pablo G\u00f3mez y Horacio Duarte) rebotaba [&hellip;]<\/p>\n","protected":false},"author":1,"featured_media":76405,"comment_status":"open","ping_status":"open","sticky":true,"template":"","format":"standard","meta":{"footnotes":""},"categories":[14,12],"tags":[],"_links":{"self":[{"href":"https:\/\/diariodigitalmx.com\/index.php\/wp-json\/wp\/v2\/posts\/76533"}],"collection":[{"href":"https:\/\/diariodigitalmx.com\/index.php\/wp-json\/wp\/v2\/posts"}],"about":[{"href":"https:\/\/diariodigitalmx.com\/index.php\/wp-json\/wp\/v2\/types\/post"}],"author":[{"embeddable":true,"href":"https:\/\/diariodigitalmx.com\/index.php\/wp-json\/wp\/v2\/users\/1"}],"replies":[{"embeddable":true,"href":"https:\/\/diariodigitalmx.com\/index.php\/wp-json\/wp\/v2\/comments?post=76533"}],"version-history":[{"count":1,"href":"https:\/\/diariodigitalmx.com\/index.php\/wp-json\/wp\/v2\/posts\/76533\/revisions"}],"predecessor-version":[{"id":76534,"href":"https:\/\/diariodigitalmx.com\/index.php\/wp-json\/wp\/v2\/posts\/76533\/revisions\/76534"}],"wp:featuredmedia":[{"embeddable":true,"href":"https:\/\/diariodigitalmx.com\/index.php\/wp-json\/wp\/v2\/media\/76405"}],"wp:attachment":[{"href":"https:\/\/diariodigitalmx.com\/index.php\/wp-json\/wp\/v2\/media?parent=76533"}],"wp:term":[{"taxonomy":"category","embeddable":true,"href":"https:\/\/diariodigitalmx.com\/index.php\/wp-json\/wp\/v2\/categories?post=76533"},{"taxonomy":"post_tag","embeddable":true,"href":"https:\/\/diariodigitalmx.com\/index.php\/wp-json\/wp\/v2\/tags?post=76533"}],"curies":[{"name":"wp","href":"https:\/\/api.w.org\/{rel}","templated":true}]}}