{"id":76558,"date":"2022-05-19T17:40:34","date_gmt":"2022-05-19T22:40:34","guid":{"rendered":"http:\/\/diariodigitalmx.com\/?p=76558"},"modified":"2022-05-19T17:43:29","modified_gmt":"2022-05-19T22:43:29","slug":"capacita-el-prinl-a-sus-representantes-electorales","status":"publish","type":"post","link":"https:\/\/diariodigitalmx.com\/index.php\/2022\/05\/19\/capacita-el-prinl-a-sus-representantes-electorales\/","title":{"rendered":"Capacita el PRINL a sus representantes electorales"},"content":{"rendered":"\n<p>Monterrey- Para el Partido Revolucionario Institucional, la profesionalizaci\u00f3n de sus representantes electorales es de gran importancia, por lo cual, hoy dio inicio al Primer Curso de Capacitaci\u00f3n, impartido por el Instituto Nacional Electoral (INE).<br>El presidente del CDE, Jos\u00e9 Luis Garza Ochoa dijo que el PRI busca profesionalizar a sus militantes en tres \u00e1reas que son fundamentales para los partidos pol\u00edticos como son la jur\u00eddica, fiscalizaci\u00f3n y todo lo que tiene que ver con el INE.<\/p>\n\n\n\n<figure class=\"wp-block-image size-large\"><img loading=\"lazy\" decoding=\"async\" width=\"1024\" height=\"759\" src=\"http:\/\/diariodigitalmx.com\/wp-content\/uploads\/2022\/05\/Curso-INE-1024x759.jpg\" alt=\"\" class=\"wp-image-76562\" srcset=\"https:\/\/diariodigitalmx.com\/wp-content\/uploads\/2022\/05\/Curso-INE-1024x759.jpg 1024w, https:\/\/diariodigitalmx.com\/wp-content\/uploads\/2022\/05\/Curso-INE-300x222.jpg 300w, https:\/\/diariodigitalmx.com\/wp-content\/uploads\/2022\/05\/Curso-INE-768x569.jpg 768w, https:\/\/diariodigitalmx.com\/wp-content\/uploads\/2022\/05\/Curso-INE.jpg 1280w\" sizes=\"(max-width: 1024px) 100vw, 1024px\" \/><\/figure>\n\n\n\n<p>\u201cEL PRI tiene mucho inter\u00e9s en profesionalizar a sus representantes electorales, a sus delegados, a sus representantes de diputados locales, federales y de alcaldes, para que realicen un mejor trabajo en cada una de estas \u00e1reas que son muy importantes\u201d, mencion\u00f3.<br>Explic\u00f3 que la capacitaci\u00f3n ser\u00e1 constante y que al menos durante los pr\u00f3ximos seis meses se estar\u00e1 actualizando a la militancia que representa al partido en todo el estado. &nbsp;<br>\u201cAunque en el tema electoral nunca terminas de prepararte porque las reglas van cambiando y siempre hay que actualizarse, creemos que al menos en los pr\u00f3ximos seis meses todos nuestros representantes estar\u00e1n al d\u00eda en estos temas\u201d, agreg\u00f3.<\/p>\n\n\n\n<figure class=\"wp-block-image size-large\"><img loading=\"lazy\" decoding=\"async\" width=\"1024\" height=\"682\" src=\"http:\/\/diariodigitalmx.com\/wp-content\/uploads\/2022\/05\/Curso-INE-3-1024x682.jpg\" alt=\"\" class=\"wp-image-76565\" srcset=\"https:\/\/diariodigitalmx.com\/wp-content\/uploads\/2022\/05\/Curso-INE-3-1024x682.jpg 1024w, https:\/\/diariodigitalmx.com\/wp-content\/uploads\/2022\/05\/Curso-INE-3-300x200.jpg 300w, https:\/\/diariodigitalmx.com\/wp-content\/uploads\/2022\/05\/Curso-INE-3-768x512.jpg 768w, https:\/\/diariodigitalmx.com\/wp-content\/uploads\/2022\/05\/Curso-INE-3.jpg 1280w\" sizes=\"(max-width: 1024px) 100vw, 1024px\" \/><\/figure>\n\n\n\n<p>El curso fue impartido por el Lic. Ernesto \u00c1lvarez Rosales, Vocal del Registro Federal de Electores; Mtro. Mart\u00edn Gonz\u00e1lez Mu\u00f1oz, Vocal de Capacitaci\u00f3n Electoral y Educaci\u00f3n C\u00edvica; Eivar Yuari Gayt\u00e1n Prieto, Jefe del Centro Estatal de Consulta Electoral y Orientaci\u00f3n Ciudadana; Irene Ibarra Mata, Jefa de Depuraci\u00f3n al Padr\u00f3n y Julio Ismael Garc\u00eda Ru\u00edz, Jefe de Actualizaci\u00f3n al Padr\u00f3n, todos representantes del INE Nuevo Le\u00f3n.<br>En el evento estuvo presente tambi\u00e9n el Lic. Raymundo de los Reyes Alem\u00e1n, oficial Mayor del CDE del PRI y represente del partido ante el INE, adem\u00e1s de cerca de 107 representantes priistas que acudieron con gusto a actualizarse en el tema electoral.<br>Adem\u00e1s se expusieron los temas, Detalle de la estructura, atribuciones y funciones del INE, Registros con datos de domicilio presuntamente irregulares o falsos \u201cTurismo Electoral\u201d y Procedimiento para la integraci\u00f3n de las mesas directivas de casillas, entre otros.<\/p>\n","protected":false},"excerpt":{"rendered":"<p>Monterrey- Para el Partido Revolucionario Institucional, la profesionalizaci\u00f3n de sus representantes electorales es de gran importancia, por lo cual, hoy dio inicio al Primer Curso de Capacitaci\u00f3n, impartido por el Instituto Nacional Electoral (INE).El presidente del CDE, Jos\u00e9 Luis Garza Ochoa dijo que el PRI busca profesionalizar a sus militantes en tres \u00e1reas que son [&hellip;]<\/p>\n","protected":false},"author":1,"featured_media":76560,"comment_status":"open","ping_status":"open","sticky":true,"template":"","format":"standard","meta":{"footnotes":""},"categories":[14,6],"tags":[],"_links":{"self":[{"href":"https:\/\/diariodigitalmx.com\/index.php\/wp-json\/wp\/v2\/posts\/76558"}],"collection":[{"href":"https:\/\/diariodigitalmx.com\/index.php\/wp-json\/wp\/v2\/posts"}],"about":[{"href":"https:\/\/diariodigitalmx.com\/index.php\/wp-json\/wp\/v2\/types\/post"}],"author":[{"embeddable":true,"href":"https:\/\/diariodigitalmx.com\/index.php\/wp-json\/wp\/v2\/users\/1"}],"replies":[{"embeddable":true,"href":"https:\/\/diariodigitalmx.com\/index.php\/wp-json\/wp\/v2\/comments?post=76558"}],"version-history":[{"count":6,"href":"https:\/\/diariodigitalmx.com\/index.php\/wp-json\/wp\/v2\/posts\/76558\/revisions"}],"predecessor-version":[{"id":76567,"href":"https:\/\/diariodigitalmx.com\/index.php\/wp-json\/wp\/v2\/posts\/76558\/revisions\/76567"}],"wp:featuredmedia":[{"embeddable":true,"href":"https:\/\/diariodigitalmx.com\/index.php\/wp-json\/wp\/v2\/media\/76560"}],"wp:attachment":[{"href":"https:\/\/diariodigitalmx.com\/index.php\/wp-json\/wp\/v2\/media?parent=76558"}],"wp:term":[{"taxonomy":"category","embeddable":true,"href":"https:\/\/diariodigitalmx.com\/index.php\/wp-json\/wp\/v2\/categories?post=76558"},{"taxonomy":"post_tag","embeddable":true,"href":"https:\/\/diariodigitalmx.com\/index.php\/wp-json\/wp\/v2\/tags?post=76558"}],"curies":[{"name":"wp","href":"https:\/\/api.w.org\/{rel}","templated":true}]}}