{"id":76640,"date":"2022-05-20T20:10:13","date_gmt":"2022-05-21T01:10:13","guid":{"rendered":"http:\/\/diariodigitalmx.com\/?p=76640"},"modified":"2022-05-20T22:28:08","modified_gmt":"2022-05-21T03:28:08","slug":"firma-escobedo-convenio-con-el-inegi-se-beneficia-el-municipio-con-esta-alianza","status":"publish","type":"post","link":"https:\/\/diariodigitalmx.com\/index.php\/2022\/05\/20\/firma-escobedo-convenio-con-el-inegi-se-beneficia-el-municipio-con-esta-alianza\/","title":{"rendered":"Firma Escobedo convenio con el INEGI; se beneficia el municipio con esta alianza<br>&nbsp;"},"content":{"rendered":"\n<figure class=\"wp-block-video\"><video controls src=\"http:\/\/diariodigitalmx.com\/wp-content\/uploads\/2022\/05\/FIRMA-DE-CARTA-DE-BUEN-INTENCION-INEGI-MEDIOS-ASPECTOS.mp4\"><\/video><\/figure>\n\n\n\n<figure class=\"wp-block-video\"><\/figure>\n\n\n\n<figure class=\"wp-block-video\"><\/figure>\n\n\n\n<figure class=\"wp-block-video\"><\/figure>\n\n\n\n<p><br>Como parte de la coordinaci\u00f3n con diversos entes, para brindar los mejores servicios a la ciudadan\u00eda, el Municipio de Escobedo firm\u00f3 un convenio de colaboraci\u00f3n con el Instituto Nacional de Estad\u00edstica, Geograf\u00eda e Inform\u00e1tica (INEGI).<br>El compromiso, fue firmado por el Alcalde de Escobedo, Andr\u00e9s Mijes, y por el Coordinador del INEGI en el Estado, Rigoberto Beltr\u00e1n Sarabia.<br>Mijes destac\u00f3 que, como parte de la alianza, se desarrollar\u00e1 para el personal un programa de actividades en los campos de capacitaci\u00f3n, investigaci\u00f3n, difusi\u00f3n y generaci\u00f3n e intercambio de informaci\u00f3n.<br>Lo que permitir\u00e1 al Municipio tener personal m\u00e1s capacitado, adem\u00e1s de acceso a plataformas estad\u00edsticas del INEGI, que ayudar\u00e1n en la planeaci\u00f3n y la toma de decisiones de la Administraci\u00f3n.<\/p>\n\n\n\n<figure class=\"wp-block-image size-large\"><img loading=\"lazy\" decoding=\"async\" width=\"1024\" height=\"683\" src=\"http:\/\/diariodigitalmx.com\/wp-content\/uploads\/2022\/05\/Q9A5501-1024x683.jpg\" alt=\"\" class=\"wp-image-76644\" srcset=\"https:\/\/diariodigitalmx.com\/wp-content\/uploads\/2022\/05\/Q9A5501-1024x683.jpg 1024w, https:\/\/diariodigitalmx.com\/wp-content\/uploads\/2022\/05\/Q9A5501-300x200.jpg 300w, https:\/\/diariodigitalmx.com\/wp-content\/uploads\/2022\/05\/Q9A5501-768x512.jpg 768w, https:\/\/diariodigitalmx.com\/wp-content\/uploads\/2022\/05\/Q9A5501-1536x1024.jpg 1536w, https:\/\/diariodigitalmx.com\/wp-content\/uploads\/2022\/05\/Q9A5501-2048x1365.jpg 2048w\" sizes=\"(max-width: 1024px) 100vw, 1024px\" \/><\/figure>\n\n\n\n<p>\u201cEsta carta para m\u00ed significa que podamos tener mejores herramientas para la toma de decisiones y para darle cada vez un mejor servicio a la comunidad\u201d, se\u00f1al\u00f3 Mijes.<br>Durante la firma del compromiso, participaron tambi\u00e9n Javier Alvarado Rivera, Subdirector de Inform\u00e1tica y Promoci\u00f3n del INEGI en Nuevo Le\u00f3n; C\u00e9sar Leija Franco, titular de la Secretar\u00eda de Desarrollo Econ\u00f3mico y Turismo de Escobedo; Jaime Zurricanday, Secretario de Finanzas y Tesorer\u00eda, e Ignacio Hierro, Secretario de Desarrollo Urbano y Movilidad.<br>\u00a0<br>\u00a0<br>\u00a0<br>\u00a0<br>\u00a0<br><\/p>\n","protected":false},"excerpt":{"rendered":"<p>Como parte de la coordinaci\u00f3n con diversos entes, para brindar los mejores servicios a la ciudadan\u00eda, el Municipio de Escobedo firm\u00f3 un convenio de colaboraci\u00f3n con el Instituto Nacional de Estad\u00edstica, Geograf\u00eda e Inform\u00e1tica (INEGI).El compromiso, fue firmado por el Alcalde de Escobedo, Andr\u00e9s Mijes, y por el Coordinador del INEGI en el Estado, Rigoberto [&hellip;]<\/p>\n","protected":false},"author":1,"featured_media":76643,"comment_status":"open","ping_status":"open","sticky":true,"template":"","format":"standard","meta":{"footnotes":""},"categories":[6,3],"tags":[],"_links":{"self":[{"href":"https:\/\/diariodigitalmx.com\/index.php\/wp-json\/wp\/v2\/posts\/76640"}],"collection":[{"href":"https:\/\/diariodigitalmx.com\/index.php\/wp-json\/wp\/v2\/posts"}],"about":[{"href":"https:\/\/diariodigitalmx.com\/index.php\/wp-json\/wp\/v2\/types\/post"}],"author":[{"embeddable":true,"href":"https:\/\/diariodigitalmx.com\/index.php\/wp-json\/wp\/v2\/users\/1"}],"replies":[{"embeddable":true,"href":"https:\/\/diariodigitalmx.com\/index.php\/wp-json\/wp\/v2\/comments?post=76640"}],"version-history":[{"count":5,"href":"https:\/\/diariodigitalmx.com\/index.php\/wp-json\/wp\/v2\/posts\/76640\/revisions"}],"predecessor-version":[{"id":76649,"href":"https:\/\/diariodigitalmx.com\/index.php\/wp-json\/wp\/v2\/posts\/76640\/revisions\/76649"}],"wp:featuredmedia":[{"embeddable":true,"href":"https:\/\/diariodigitalmx.com\/index.php\/wp-json\/wp\/v2\/media\/76643"}],"wp:attachment":[{"href":"https:\/\/diariodigitalmx.com\/index.php\/wp-json\/wp\/v2\/media?parent=76640"}],"wp:term":[{"taxonomy":"category","embeddable":true,"href":"https:\/\/diariodigitalmx.com\/index.php\/wp-json\/wp\/v2\/categories?post=76640"},{"taxonomy":"post_tag","embeddable":true,"href":"https:\/\/diariodigitalmx.com\/index.php\/wp-json\/wp\/v2\/tags?post=76640"}],"curies":[{"name":"wp","href":"https:\/\/api.w.org\/{rel}","templated":true}]}}