{"id":7665,"date":"2019-07-08T16:48:39","date_gmt":"2019-07-08T21:48:39","guid":{"rendered":"http:\/\/diariodigitalmx.com\/?p=7665"},"modified":"2019-07-08T16:48:40","modified_gmt":"2019-07-08T21:48:40","slug":"en-junio-tienen-mayor-venta-los-vehiculos-pesados","status":"publish","type":"post","link":"https:\/\/diariodigitalmx.com\/index.php\/2019\/07\/08\/en-junio-tienen-mayor-venta-los-vehiculos-pesados\/","title":{"rendered":"En junio, tienen mayor venta los veh\u00edculos pesados"},"content":{"rendered":"\n<p>En\njunio de 2019, la&nbsp;venta al mayoreo de veh\u00edculos pesados y comerciales\nalcanz\u00f3 un total de ocho mil 310 unidades, es decir, un aumento de 144 por\nciento respecto al mismo mes de 2018, inform\u00f3 la&nbsp;<a href=\"http:\/\/www.anpact.com.mx\/\">Asociaci\u00f3n Nacional de Productores de Autobuses,\nCamiones y Tractocamiones (ANPACT).<\/a><\/p>\n\n\n\n<p>Durante\nel sexto mes del a\u00f1o, las ventas al menudeo de veh\u00edculos pesados y comerciales\nalcanzaron cuatro mil 161 unidades, lo que significa un incremento de 22.7 por\nciento comparado con el mismo mes, pero del a\u00f1o anterior.<\/p>\n\n\n\n<p>Respecto\nal acumulado del primer semestre, la ANPACT indic\u00f3 que la venta al mayoreo\nalcanz\u00f3 25 mil 513 unidades, lo que representa un aumento de 48.7 por ciento si\nse compara con las 17 mil 152 unidades comercializados durante igual periodo de\n2018.<\/p>\n\n\n\n<p>Por\notra parte, la asociaci\u00f3n indic\u00f3 que en lo que va del a\u00f1o, las ventas\nacumuladas al menudeo registraron un total de 21 mil 966 unidades, lo que\nrepresenta un incremento de 14.1 por ciento<\/p>\n\n\n\n<p>Miguel\nElizalde, presidente ejecutivo de la ANPACT, dijo que todo indica que en junio\nse ha llegado al punto m\u00e1s alto en las ventas al mayoreo, a causa del avance\nhacia nuevas tecnolog\u00edas que sean m\u00e1s amigables con el medio ambiente.<\/p>\n\n\n\n<p>\u201cEn el\nsegundo semestre, la tendencia deber\u00eda ser a la baja, de forma inmediata en las\ncifras de venta al mayoreo, y posiblemente a finales del a\u00f1o, en las cifras de\nventa al menudeo\u201d, indic\u00f3 la asociaci\u00f3n a trav\u00e9s de un comunicado.<\/p>\n\n\n\n<p>En este\nsentido, agreg\u00f3 que es importante tomar las medidas necesarias que les permitan\nlograr que la modernizaci\u00f3n de la flota se desarrolle de forma m\u00e1s estructural.<\/p>\n\n\n\n<p>\u201cAhora,\nes muy importante cuidar que el di\u00e9sel limpio est\u00e9 disponible en el territorio\nnacional de forma \u00f3ptima en los centros de distribuci\u00f3n y, sobre todo, impulsar\nla sustituci\u00f3n de la flota de mayor antig\u00fcedad y contaminante, por una nueva\u201d,\nfinaliz\u00f3.<\/p>\n","protected":false},"excerpt":{"rendered":"<p>En junio de 2019, la&nbsp;venta al mayoreo de veh\u00edculos pesados y comerciales alcanz\u00f3 un total de ocho mil 310 unidades, es decir, un aumento de 144 por ciento respecto al mismo mes de 2018, inform\u00f3 la&nbsp;Asociaci\u00f3n Nacional de Productores de Autobuses, Camiones y Tractocamiones (ANPACT). Durante el sexto mes del a\u00f1o, las ventas al menudeo [&hellip;]<\/p>\n","protected":false},"author":1,"featured_media":7667,"comment_status":"open","ping_status":"open","sticky":true,"template":"","format":"standard","meta":{"footnotes":""},"categories":[10],"tags":[],"_links":{"self":[{"href":"https:\/\/diariodigitalmx.com\/index.php\/wp-json\/wp\/v2\/posts\/7665"}],"collection":[{"href":"https:\/\/diariodigitalmx.com\/index.php\/wp-json\/wp\/v2\/posts"}],"about":[{"href":"https:\/\/diariodigitalmx.com\/index.php\/wp-json\/wp\/v2\/types\/post"}],"author":[{"embeddable":true,"href":"https:\/\/diariodigitalmx.com\/index.php\/wp-json\/wp\/v2\/users\/1"}],"replies":[{"embeddable":true,"href":"https:\/\/diariodigitalmx.com\/index.php\/wp-json\/wp\/v2\/comments?post=7665"}],"version-history":[{"count":1,"href":"https:\/\/diariodigitalmx.com\/index.php\/wp-json\/wp\/v2\/posts\/7665\/revisions"}],"predecessor-version":[{"id":7666,"href":"https:\/\/diariodigitalmx.com\/index.php\/wp-json\/wp\/v2\/posts\/7665\/revisions\/7666"}],"wp:featuredmedia":[{"embeddable":true,"href":"https:\/\/diariodigitalmx.com\/index.php\/wp-json\/wp\/v2\/media\/7667"}],"wp:attachment":[{"href":"https:\/\/diariodigitalmx.com\/index.php\/wp-json\/wp\/v2\/media?parent=7665"}],"wp:term":[{"taxonomy":"category","embeddable":true,"href":"https:\/\/diariodigitalmx.com\/index.php\/wp-json\/wp\/v2\/categories?post=7665"},{"taxonomy":"post_tag","embeddable":true,"href":"https:\/\/diariodigitalmx.com\/index.php\/wp-json\/wp\/v2\/tags?post=7665"}],"curies":[{"name":"wp","href":"https:\/\/api.w.org\/{rel}","templated":true}]}}