{"id":76739,"date":"2022-05-23T06:55:05","date_gmt":"2022-05-23T11:55:05","guid":{"rendered":"http:\/\/diariodigitalmx.com\/?p=76739"},"modified":"2022-05-23T06:55:43","modified_gmt":"2022-05-23T11:55:43","slug":"apelara-gobierno-decision-de-juez-por-no-suspender-el-titulo-42","status":"publish","type":"post","link":"https:\/\/diariodigitalmx.com\/index.php\/2022\/05\/23\/apelara-gobierno-decision-de-juez-por-no-suspender-el-titulo-42\/","title":{"rendered":"Apelar\u00e1 gobierno decisi\u00f3n de juez por no suspender el Titulo 42"},"content":{"rendered":"\n<p>Por Rogelio Romero<\/p>\n\n\n\n<p>Estados Unidos- El vocero del Departamento de Justicia de Estados&nbsp; Unidos, Anthony Coley, dijo que la dependencia federal tiene la intenci\u00f3n de apelar la decisi\u00f3n que&nbsp; tom\u00f3 un magistrado federal en Luisiana, referente&nbsp; que la medida de T\u00edtulo 42 contin\u00fae vigente.<\/p>\n\n\n\n<p>La medida permite a las autoridades federales expulsar a casi todos los migrantes indocumentados que son atrapados, esto como&nbsp; prevenci\u00f3n de salud por causa de la pandemia del Covid-19.<\/p>\n\n\n\n<p>Argument\u00f3 que los Centros de Prevenci\u00f3n para el Control de Enfermedades, han mostrado de manera cient\u00edfica y jur\u00eddica porque la medida de salud&nbsp; debe dejar de aplicarse.<\/p>\n\n\n\n<p>La medida iba a fenecer el 23 de mayo, pero el magistrado, Robert Summerhays, con sede en Luisiana, bloque\u00f3 la suspensi\u00f3n de la misma.<\/p>\n\n\n\n<p>Summerhays acept\u00f3 la demanda interpuesta por 24 estados en poder de los republicanos, y&nbsp; la cual alega que si se suspend\u00eda el T\u00edtulo 42 podr\u00eda presentarse una nueva crisis humanitaria en la frontera sureste del pa\u00eds, originada por el posible cruce de miles de&nbsp; migrantes en busca de estancia legal en la naci\u00f3n.<\/p>\n","protected":false},"excerpt":{"rendered":"<p>Por Rogelio Romero Estados Unidos- El vocero del Departamento de Justicia de Estados&nbsp; Unidos, Anthony Coley, dijo que la dependencia federal tiene la intenci\u00f3n de apelar la decisi\u00f3n que&nbsp; tom\u00f3 un magistrado federal en Luisiana, referente&nbsp; que la medida de T\u00edtulo 42 contin\u00fae vigente. La medida permite a las autoridades federales expulsar a casi todos [&hellip;]<\/p>\n","protected":false},"author":1,"featured_media":76741,"comment_status":"open","ping_status":"open","sticky":true,"template":"","format":"standard","meta":{"footnotes":""},"categories":[14,4],"tags":[],"_links":{"self":[{"href":"https:\/\/diariodigitalmx.com\/index.php\/wp-json\/wp\/v2\/posts\/76739"}],"collection":[{"href":"https:\/\/diariodigitalmx.com\/index.php\/wp-json\/wp\/v2\/posts"}],"about":[{"href":"https:\/\/diariodigitalmx.com\/index.php\/wp-json\/wp\/v2\/types\/post"}],"author":[{"embeddable":true,"href":"https:\/\/diariodigitalmx.com\/index.php\/wp-json\/wp\/v2\/users\/1"}],"replies":[{"embeddable":true,"href":"https:\/\/diariodigitalmx.com\/index.php\/wp-json\/wp\/v2\/comments?post=76739"}],"version-history":[{"count":1,"href":"https:\/\/diariodigitalmx.com\/index.php\/wp-json\/wp\/v2\/posts\/76739\/revisions"}],"predecessor-version":[{"id":76740,"href":"https:\/\/diariodigitalmx.com\/index.php\/wp-json\/wp\/v2\/posts\/76739\/revisions\/76740"}],"wp:featuredmedia":[{"embeddable":true,"href":"https:\/\/diariodigitalmx.com\/index.php\/wp-json\/wp\/v2\/media\/76741"}],"wp:attachment":[{"href":"https:\/\/diariodigitalmx.com\/index.php\/wp-json\/wp\/v2\/media?parent=76739"}],"wp:term":[{"taxonomy":"category","embeddable":true,"href":"https:\/\/diariodigitalmx.com\/index.php\/wp-json\/wp\/v2\/categories?post=76739"},{"taxonomy":"post_tag","embeddable":true,"href":"https:\/\/diariodigitalmx.com\/index.php\/wp-json\/wp\/v2\/tags?post=76739"}],"curies":[{"name":"wp","href":"https:\/\/api.w.org\/{rel}","templated":true}]}}