{"id":76774,"date":"2022-05-23T17:15:29","date_gmt":"2022-05-23T22:15:29","guid":{"rendered":"http:\/\/diariodigitalmx.com\/?p=76774"},"modified":"2022-05-24T09:46:01","modified_gmt":"2022-05-24T14:46:01","slug":"avanza-en-escobedo-plan-municipal-de-obras-arrancan-obras-que-mejoran-imagen-de-la-ciudad-y-la-movilidad","status":"publish","type":"post","link":"https:\/\/diariodigitalmx.com\/index.php\/2022\/05\/23\/avanza-en-escobedo-plan-municipal-de-obras-arrancan-obras-que-mejoran-imagen-de-la-ciudad-y-la-movilidad\/","title":{"rendered":"Avanza en Escobedo Plan Municipal de Obras; arrancan proyectos que mejoran imagen de la Ciudad y la movilidad"},"content":{"rendered":"\n<figure class=\"wp-block-video\"><video controls src=\"http:\/\/diariodigitalmx.com\/wp-content\/uploads\/2022\/05\/ARRANQUE-DE-OBRA-MEDIOS-ASPECTOS.mp4\"><\/video><\/figure>\n\n\n\n<p>Con la rehabilitaci\u00f3n de la calle Mario Quintanilla, en la Colonia San Marcos, el Municipio de Escobedo dio banderazo inicial a los trabajos que conforman el Plan Municipal de Obras P\u00fablicas, programa que cambiar\u00e1 la imagen de la ciudad y mejorar\u00e1 la movilidad.<\/p>\n\n\n\n<p>El Alcalde de Escobedo, Andr\u00e9s Mijes, supervis\u00f3 las labores, que comenzaron entre las calles R\u00f3mulo Lozano y Mario Quintanilla, en el Sector Pioneros.<\/p>\n\n\n\n<figure class=\"wp-block-image size-large\"><img loading=\"lazy\" decoding=\"async\" width=\"1024\" height=\"683\" src=\"http:\/\/diariodigitalmx.com\/wp-content\/uploads\/2022\/05\/Q9A5903-1024x683.jpg\" alt=\"\" class=\"wp-image-76776\" srcset=\"https:\/\/diariodigitalmx.com\/wp-content\/uploads\/2022\/05\/Q9A5903-1024x683.jpg 1024w, https:\/\/diariodigitalmx.com\/wp-content\/uploads\/2022\/05\/Q9A5903-300x200.jpg 300w, https:\/\/diariodigitalmx.com\/wp-content\/uploads\/2022\/05\/Q9A5903-768x512.jpg 768w, https:\/\/diariodigitalmx.com\/wp-content\/uploads\/2022\/05\/Q9A5903-1536x1024.jpg 1536w, https:\/\/diariodigitalmx.com\/wp-content\/uploads\/2022\/05\/Q9A5903-2048x1365.jpg 2048w\" sizes=\"(max-width: 1024px) 100vw, 1024px\" \/><\/figure>\n\n\n\n<p>En el lugar, Mijes inform\u00f3 que San Marcos se reconstruir\u00e1n m\u00e1s de 2 mil metros cuadrados de calle y se beneficiar\u00e1 a mil 500 habitantes del \u00e1rea.<\/p>\n\n\n\n<p>\u201cHoy damos inicio al paquete de obras para este 2022 entre repavimentaci\u00f3n, pluviales y otras m\u00e1s, estamos priorizando la inversi\u00f3n en infraestructura, sobre todo en los lugares donde est\u00e1 muy deteriorado el pavimento, vamos a rehabilitar las calles para mejorar la movilidad en el municipio\u201d.<\/p>\n\n\n\n<p>El Edil puntualiz\u00f3 que San Marcos forma parte de las 35 colonias en las que se rehabilitar\u00e1n varias calles con las que, en total, se reparar\u00e1n cerca de 65 mil metros cuadrados de pavimento durante el Plan de Obras.<\/p>\n\n\n\n<figure class=\"wp-block-image size-large\"><img loading=\"lazy\" decoding=\"async\" width=\"1024\" height=\"689\" src=\"http:\/\/diariodigitalmx.com\/wp-content\/uploads\/2022\/05\/Q9A5789A-1024x689.jpg\" alt=\"\" class=\"wp-image-76779\" srcset=\"https:\/\/diariodigitalmx.com\/wp-content\/uploads\/2022\/05\/Q9A5789A-1024x689.jpg 1024w, https:\/\/diariodigitalmx.com\/wp-content\/uploads\/2022\/05\/Q9A5789A-300x202.jpg 300w, https:\/\/diariodigitalmx.com\/wp-content\/uploads\/2022\/05\/Q9A5789A-768x517.jpg 768w, https:\/\/diariodigitalmx.com\/wp-content\/uploads\/2022\/05\/Q9A5789A-1536x1033.jpg 1536w, https:\/\/diariodigitalmx.com\/wp-content\/uploads\/2022\/05\/Q9A5789A-2048x1378.jpg 2048w\" sizes=\"(max-width: 1024px) 100vw, 1024px\" \/><\/figure>\n\n\n\n<p>Dicho programa fue anunciado el 13 de mayo. En \u00e9ste, se estima una inversi\u00f3n de 255 millones de pesos.<\/p>\n\n\n\n<p>Adem\u00e1s de la intervenci\u00f3n de calles en 35 colonias, se contempla la rehabilitaci\u00f3n de pavimentos y adecuaciones viales en avenidas importantes como Sendero, Colombia, Laredo, Monclova, Libramiento, Chocolates y Ra\u00fal Salinas.<\/p>\n\n\n\n<figure class=\"wp-block-image size-large\"><img loading=\"lazy\" decoding=\"async\" width=\"1024\" height=\"683\" src=\"http:\/\/diariodigitalmx.com\/wp-content\/uploads\/2022\/05\/IMG_9877-1024x683.jpg\" alt=\"\" class=\"wp-image-76782\" srcset=\"https:\/\/diariodigitalmx.com\/wp-content\/uploads\/2022\/05\/IMG_9877-1024x683.jpg 1024w, https:\/\/diariodigitalmx.com\/wp-content\/uploads\/2022\/05\/IMG_9877-300x200.jpg 300w, https:\/\/diariodigitalmx.com\/wp-content\/uploads\/2022\/05\/IMG_9877-768x512.jpg 768w, https:\/\/diariodigitalmx.com\/wp-content\/uploads\/2022\/05\/IMG_9877-1536x1024.jpg 1536w, https:\/\/diariodigitalmx.com\/wp-content\/uploads\/2022\/05\/IMG_9877-2048x1365.jpg 2048w\" sizes=\"(max-width: 1024px) 100vw, 1024px\" \/><\/figure>\n\n\n\n<p>Asimismo, el programa considera la construcci\u00f3n de una sede de Servicios P\u00fablicos, la Sexta Etapa del Parque Lineal Las Torres, drenajes pluviales, entre otras obras.<\/p>\n\n\n\n<p>Durante el arranque, estuvo presente el Secretario de Obras P\u00fablicas, Martiniano Rueda Montelongo.<\/p>\n\n\n\n<figure class=\"wp-block-image size-large\"><img loading=\"lazy\" decoding=\"async\" width=\"1024\" height=\"683\" src=\"http:\/\/diariodigitalmx.com\/wp-content\/uploads\/2022\/05\/IMG_9890-1024x683.jpg\" alt=\"\" class=\"wp-image-76784\" srcset=\"https:\/\/diariodigitalmx.com\/wp-content\/uploads\/2022\/05\/IMG_9890-1024x683.jpg 1024w, https:\/\/diariodigitalmx.com\/wp-content\/uploads\/2022\/05\/IMG_9890-300x200.jpg 300w, https:\/\/diariodigitalmx.com\/wp-content\/uploads\/2022\/05\/IMG_9890-768x512.jpg 768w, https:\/\/diariodigitalmx.com\/wp-content\/uploads\/2022\/05\/IMG_9890-1536x1024.jpg 1536w, https:\/\/diariodigitalmx.com\/wp-content\/uploads\/2022\/05\/IMG_9890-2048x1365.jpg 2048w\" sizes=\"(max-width: 1024px) 100vw, 1024px\" \/><\/figure>\n","protected":false},"excerpt":{"rendered":"<p>Con la rehabilitaci\u00f3n de la calle Mario Quintanilla, en la Colonia San Marcos, el Municipio de Escobedo dio banderazo inicial a los trabajos que conforman el Plan Municipal de Obras P\u00fablicas, programa que cambiar\u00e1 la imagen de la ciudad y mejorar\u00e1 la movilidad. El Alcalde de Escobedo, Andr\u00e9s Mijes, supervis\u00f3 las labores, que comenzaron entre [&hellip;]<\/p>\n","protected":false},"author":1,"featured_media":76776,"comment_status":"open","ping_status":"open","sticky":true,"template":"","format":"standard","meta":{"footnotes":""},"categories":[6,3],"tags":[],"_links":{"self":[{"href":"https:\/\/diariodigitalmx.com\/index.php\/wp-json\/wp\/v2\/posts\/76774"}],"collection":[{"href":"https:\/\/diariodigitalmx.com\/index.php\/wp-json\/wp\/v2\/posts"}],"about":[{"href":"https:\/\/diariodigitalmx.com\/index.php\/wp-json\/wp\/v2\/types\/post"}],"author":[{"embeddable":true,"href":"https:\/\/diariodigitalmx.com\/index.php\/wp-json\/wp\/v2\/users\/1"}],"replies":[{"embeddable":true,"href":"https:\/\/diariodigitalmx.com\/index.php\/wp-json\/wp\/v2\/comments?post=76774"}],"version-history":[{"count":9,"href":"https:\/\/diariodigitalmx.com\/index.php\/wp-json\/wp\/v2\/posts\/76774\/revisions"}],"predecessor-version":[{"id":76797,"href":"https:\/\/diariodigitalmx.com\/index.php\/wp-json\/wp\/v2\/posts\/76774\/revisions\/76797"}],"wp:featuredmedia":[{"embeddable":true,"href":"https:\/\/diariodigitalmx.com\/index.php\/wp-json\/wp\/v2\/media\/76776"}],"wp:attachment":[{"href":"https:\/\/diariodigitalmx.com\/index.php\/wp-json\/wp\/v2\/media?parent=76774"}],"wp:term":[{"taxonomy":"category","embeddable":true,"href":"https:\/\/diariodigitalmx.com\/index.php\/wp-json\/wp\/v2\/categories?post=76774"},{"taxonomy":"post_tag","embeddable":true,"href":"https:\/\/diariodigitalmx.com\/index.php\/wp-json\/wp\/v2\/tags?post=76774"}],"curies":[{"name":"wp","href":"https:\/\/api.w.org\/{rel}","templated":true}]}}