{"id":76789,"date":"2022-05-24T00:02:19","date_gmt":"2022-05-24T05:02:19","guid":{"rendered":"http:\/\/diariodigitalmx.com\/?p=76789"},"modified":"2022-05-24T00:03:13","modified_gmt":"2022-05-24T05:03:13","slug":"norestenses-que-cambiaron-la-historia","status":"publish","type":"post","link":"https:\/\/diariodigitalmx.com\/index.php\/2022\/05\/24\/norestenses-que-cambiaron-la-historia\/","title":{"rendered":"Norestenses que cambiaron la Historia"},"content":{"rendered":"\n<p>\u00d3scar Tamez Rodr\u00edguez<br>Francisco I. Madero y Bernardo Reyes, dos norestenses quienes en su interacci\u00f3n cambiaron la historia de M\u00e9xico, la vida y muerte de ambos est\u00e1 vinculada a sus diferencias pol\u00edticas.<br>Madero. Coahuilense vinculado a Nuevo Le\u00f3n, formado parcialmente y apoyado por los grupos de poder en Monterrey, logra el relevo generacional y pol\u00edtico frente al unipersonal Porfirio D\u00edaz.<br>Reyes. Tapat\u00edo quien en su trayectoria por Nuevo Le\u00f3n, logra las p\u00e1ginas de la historia que lo inmortalizan. Llega a Monterrey en 1885 mandado como jefe de operaciones militares por D\u00edaz y termina su estancia como gobernador de la entidad.<br>Es considerado el gobernador quien transforma econ\u00f3mica y socialmente a la entidad y sobre todo a Monterrey, de personalidad recia es reconocido por su obra de infraestructura, destacando el actual palacio de gobierno elaborado con cantera rosa tra\u00edda desde San Luis Potos\u00ed y trabajada por cantereros potosinos a quienes se les aloja al lado sur del r\u00edo Santa Catarina.<br>Llega a general por los trabajos realizados. Siendo de los m\u00e1s j\u00f3venes en el c\u00edrculo cercano a D\u00edaz, se gana la animadversi\u00f3n de la c\u00fapula porfirista capitalina quienes aspiraban al relevo presidencial ante la eventual salida del dictador.<br>Por momentos abraz\u00f3 la aspiraci\u00f3n de suceder a su padrino pol\u00edtico, sin embargo, las grillas palaciegas lograron que cayera de su gracia, quien en 1904 reforma la Constituci\u00f3n para lograr la que ser\u00eda su \u00faltima reelecci\u00f3n, \u00e9sta por seis a\u00f1os y con la reactivaci\u00f3n de la figura del vicepresidente.<br>Esta reforma hizo que muchos aspiraran a la vicepresidencia como el pelda\u00f1o para arribar a la presidencia, sin embargo, al perder las simpat\u00edas en palacio nacional, Reyes termina desterrado en 1909 con comisi\u00f3n militar para estudiar los procesos de reclutamiento.<br>Sus enemigos hab\u00edan triunfado frente al fuerte general, el camino de Madero se allanaba y algunos reyistas se sumar\u00edan a los clubes antirreeleccionistas del coahuilense.<br>Madero hace una campa\u00f1a por tierra donde logra que sus preceptos democr\u00e1ticos de sufragio efectivo y no reelecci\u00f3n se explicaran hasta al m\u00e1s humilde campesino. Eran los capataces letrados quienes les juntaban para mostrar las bondades del maderismo.<br>Es arrestado en San Luis, de ah\u00ed sale a Monterrey y Laredo de donde pasa a EUA y desde ah\u00ed lanza su plan de San Luis en el que convoca a la revoluci\u00f3n de 1910.<br>La revoluci\u00f3n maderista tuvo tal \u00e9xito que D\u00edaz renuncia el 25 de mayo de 1911 a la presidencia. Queda Francisco Le\u00f3n de la Barra como interino con p\u00e9simos resultados para Madero quien asume la presidencia el 6 de noviembre de ese a\u00f1o.<br>La vida de Madero y Reyes intensificar\u00e1 sus desencuentros durante la presidencia del dem\u00f3crata, el otrora gobernador de Nuevo Le\u00f3n no pudo soportar verse superado e hizo lo necesario para derrumbar al llamado \u201cAp\u00f3stol de la democracia\u201d.<br>La rivalidad termina el 9 de febrero de 1913 cuando muere Reyes en el intento de golpe de Estado que dio a Madero; \u00e9ste tambi\u00e9n morir\u00e1 asesinado el 22 del mismo mes en la conspiraci\u00f3n que deja a Victoriano Huerta como usurpador.<br>La historia de M\u00e9xico cambia a partir de estos sucesos, la ef\u00edmera paz tardar\u00e1 en alcanzarse y fue con la muerte de Venustiano Carranza el 21 de mayo de 1920 cuando podemos establecer la culminaci\u00f3n de la revoluci\u00f3n armada con car\u00e1cter de nacional.<br>Madero un dem\u00f3crata, Reyes un militar f\u00e9rreo, sus vidas se entrelazaron a tal grado que el M\u00e9xico del siglo XX inicia con ese desencuentro el cual ser\u00e1 analizado el 25 de mayo en el museo de Historia Mexicana en el ciclo \u201cLa Historia a debate\u201d.<br>&nbsp;<br><\/p>\n","protected":false},"excerpt":{"rendered":"<p>\u00d3scar Tamez Rodr\u00edguezFrancisco I. Madero y Bernardo Reyes, dos norestenses quienes en su interacci\u00f3n cambiaron la historia de M\u00e9xico, la vida y muerte de ambos est\u00e1 vinculada a sus diferencias pol\u00edticas.Madero. Coahuilense vinculado a Nuevo Le\u00f3n, formado parcialmente y apoyado por los grupos de poder en Monterrey, logra el relevo generacional y pol\u00edtico frente al [&hellip;]<\/p>\n","protected":false},"author":1,"featured_media":76408,"comment_status":"open","ping_status":"open","sticky":false,"template":"","format":"standard","meta":{"footnotes":""},"categories":[11,3],"tags":[],"_links":{"self":[{"href":"https:\/\/diariodigitalmx.com\/index.php\/wp-json\/wp\/v2\/posts\/76789"}],"collection":[{"href":"https:\/\/diariodigitalmx.com\/index.php\/wp-json\/wp\/v2\/posts"}],"about":[{"href":"https:\/\/diariodigitalmx.com\/index.php\/wp-json\/wp\/v2\/types\/post"}],"author":[{"embeddable":true,"href":"https:\/\/diariodigitalmx.com\/index.php\/wp-json\/wp\/v2\/users\/1"}],"replies":[{"embeddable":true,"href":"https:\/\/diariodigitalmx.com\/index.php\/wp-json\/wp\/v2\/comments?post=76789"}],"version-history":[{"count":2,"href":"https:\/\/diariodigitalmx.com\/index.php\/wp-json\/wp\/v2\/posts\/76789\/revisions"}],"predecessor-version":[{"id":76791,"href":"https:\/\/diariodigitalmx.com\/index.php\/wp-json\/wp\/v2\/posts\/76789\/revisions\/76791"}],"wp:featuredmedia":[{"embeddable":true,"href":"https:\/\/diariodigitalmx.com\/index.php\/wp-json\/wp\/v2\/media\/76408"}],"wp:attachment":[{"href":"https:\/\/diariodigitalmx.com\/index.php\/wp-json\/wp\/v2\/media?parent=76789"}],"wp:term":[{"taxonomy":"category","embeddable":true,"href":"https:\/\/diariodigitalmx.com\/index.php\/wp-json\/wp\/v2\/categories?post=76789"},{"taxonomy":"post_tag","embeddable":true,"href":"https:\/\/diariodigitalmx.com\/index.php\/wp-json\/wp\/v2\/tags?post=76789"}],"curies":[{"name":"wp","href":"https:\/\/api.w.org\/{rel}","templated":true}]}}