{"id":76799,"date":"2022-05-24T14:08:52","date_gmt":"2022-05-24T19:08:52","guid":{"rendered":"http:\/\/diariodigitalmx.com\/?p=76799"},"modified":"2022-05-24T14:15:19","modified_gmt":"2022-05-24T19:15:19","slug":"en-escobedo-se-instalo-el-comite-de-contingencias-hidrometeorologicas","status":"publish","type":"post","link":"https:\/\/diariodigitalmx.com\/index.php\/2022\/05\/24\/en-escobedo-se-instalo-el-comite-de-contingencias-hidrometeorologicas\/","title":{"rendered":"Escobedo est\u00e1 preparado para cualquier contingencia por lluvias y ciclones"},"content":{"rendered":"\n<figure class=\"wp-block-video\"><video controls src=\"http:\/\/diariodigitalmx.com\/wp-content\/uploads\/2022\/05\/PLAN-DE-CONTINGENCIA-MEDIOS-ASPECTOS.mp4\"><\/video><\/figure>\n\n\n\n<p>Ante la temporada de lluvias y ciclones tropicales 2022, el Gobierno de Escobedo instal\u00f3 el Comit\u00e9 Municipal para Emergencias Hidrometeorol\u00f3gicas con el fin de establecer los mecanismos de coordinaci\u00f3n y comunicaci\u00f3n y a su vez reforzar las estrategias preventivas de acci\u00f3n y recuperaci\u00f3n.<br>Con ello, se refrenda el compromiso de salvaguardar la vida de los habitantes del municipio y responder de forma oportuna y eficiente ante cualquier situaci\u00f3n de riesgo.<\/p>\n\n\n\n<figure class=\"wp-block-image size-large\"><img loading=\"lazy\" decoding=\"async\" width=\"1024\" height=\"683\" src=\"http:\/\/diariodigitalmx.com\/wp-content\/uploads\/2022\/05\/IMG_0246-1024x683.jpg\" alt=\"\" class=\"wp-image-76803\" srcset=\"https:\/\/diariodigitalmx.com\/wp-content\/uploads\/2022\/05\/IMG_0246-1024x683.jpg 1024w, https:\/\/diariodigitalmx.com\/wp-content\/uploads\/2022\/05\/IMG_0246-300x200.jpg 300w, https:\/\/diariodigitalmx.com\/wp-content\/uploads\/2022\/05\/IMG_0246-768x512.jpg 768w, https:\/\/diariodigitalmx.com\/wp-content\/uploads\/2022\/05\/IMG_0246-1536x1024.jpg 1536w, https:\/\/diariodigitalmx.com\/wp-content\/uploads\/2022\/05\/IMG_0246-2048x1366.jpg 2048w\" sizes=\"(max-width: 1024px) 100vw, 1024px\" \/><\/figure>\n\n\n\n<p>\u201cQueremos que las y los ciudadanos de Escobedo sepan que estamos preparados para cualquier eventualidad que se pudiera presentar en la temporada de lluvias y ciclones 2022, vamos a garantizar, en conjunto, la integridad f\u00edsica de las familias y su entorno, por lo cual es necesaria la participaci\u00f3n y coordinaci\u00f3n de este comit\u00e9\u201d. se\u00f1al\u00f3 el Alcalde Andr\u00e9s Mijes Llovera.<br>Como parte del Plan de Contingencias para la Temporada de Lluvias y Ciclones Tropicales, Escobedo est\u00e1 preparado con 850 elementos de la Secretar\u00eda de Seguridad Ciudadana, Protecci\u00f3n Civil, DIF, y Sector Salud.<\/p>\n\n\n\n<figure class=\"wp-block-image size-large\"><img loading=\"lazy\" decoding=\"async\" width=\"1024\" height=\"683\" src=\"http:\/\/diariodigitalmx.com\/wp-content\/uploads\/2022\/05\/Q9A6512-1024x683.jpg\" alt=\"\" class=\"wp-image-76807\" srcset=\"https:\/\/diariodigitalmx.com\/wp-content\/uploads\/2022\/05\/Q9A6512-1024x683.jpg 1024w, https:\/\/diariodigitalmx.com\/wp-content\/uploads\/2022\/05\/Q9A6512-300x200.jpg 300w, https:\/\/diariodigitalmx.com\/wp-content\/uploads\/2022\/05\/Q9A6512-768x512.jpg 768w, https:\/\/diariodigitalmx.com\/wp-content\/uploads\/2022\/05\/Q9A6512-1536x1024.jpg 1536w, https:\/\/diariodigitalmx.com\/wp-content\/uploads\/2022\/05\/Q9A6512-2048x1365.jpg 2048w\" sizes=\"(max-width: 1024px) 100vw, 1024px\" \/><\/figure>\n\n\n\n<p><br>Adem\u00e1s, personal de Obras P\u00fablicas, Desarrollo Urbano, Servicios P\u00fablicos, que trabajar\u00e1n en coordinaci\u00f3n con el Gobierno Estatal y Federal, entre otros.<br>Mijes Llovera record\u00f3 que se cuenta con dos albergues temporales ante cualquier emergencia, uno ubicado en la calle Pi\u00f1a y Blas Chumacero en la Colonia Fernando Amilpa y el segundo el DIF Flores Mag\u00f3n que se encuentra en la calle Bonifacio Salinas y Ra\u00fal Rangel Fr\u00edas, con una capacidad para atender a 130 personas.<\/p>\n\n\n\n<figure class=\"wp-block-image size-large\"><img loading=\"lazy\" decoding=\"async\" width=\"1024\" height=\"683\" src=\"http:\/\/diariodigitalmx.com\/wp-content\/uploads\/2022\/05\/IMG_0227-1024x683.jpg\" alt=\"\" class=\"wp-image-76809\" srcset=\"https:\/\/diariodigitalmx.com\/wp-content\/uploads\/2022\/05\/IMG_0227-1024x683.jpg 1024w, https:\/\/diariodigitalmx.com\/wp-content\/uploads\/2022\/05\/IMG_0227-300x200.jpg 300w, https:\/\/diariodigitalmx.com\/wp-content\/uploads\/2022\/05\/IMG_0227-768x512.jpg 768w, https:\/\/diariodigitalmx.com\/wp-content\/uploads\/2022\/05\/IMG_0227-1536x1024.jpg 1536w, https:\/\/diariodigitalmx.com\/wp-content\/uploads\/2022\/05\/IMG_0227-2048x1365.jpg 2048w\" sizes=\"(max-width: 1024px) 100vw, 1024px\" \/><\/figure>\n\n\n\n<p>El Gobierno Municipal mantiene labores de limpieza y desazolve en canales pluviales y alcantarillado en los diferentes puntos de la ciudad para evitar se registren inundaciones que pongan en riesgo a los habitantes de Escobedo.<br>Durante la reuni\u00f3n estuvo presente la Directora de Protecci\u00f3n Civil Municipal, Patricia P\u00e9rez Tijerina, el Secretario de Seguridad Ciudadana, Hermelindo Lara Cruz; as\u00ed como representantes del Organismo de Cuenca R\u00edo Bravo de CONAGUA, de la S\u00e9ptima Zona Militar, la Comisi\u00f3n Federal de Electricidad, Agua y Drenaje de Monterrey, entre otros.<br>\u00a0<\/p>\n","protected":false},"excerpt":{"rendered":"<p>Ante la temporada de lluvias y ciclones tropicales 2022, el Gobierno de Escobedo instal\u00f3 el Comit\u00e9 Municipal para Emergencias Hidrometeorol\u00f3gicas con el fin de establecer los mecanismos de coordinaci\u00f3n y comunicaci\u00f3n y a su vez reforzar las estrategias preventivas de acci\u00f3n y recuperaci\u00f3n.Con ello, se refrenda el compromiso de salvaguardar la vida de los habitantes [&hellip;]<\/p>\n","protected":false},"author":1,"featured_media":76802,"comment_status":"open","ping_status":"open","sticky":true,"template":"","format":"standard","meta":{"footnotes":""},"categories":[6,3],"tags":[],"_links":{"self":[{"href":"https:\/\/diariodigitalmx.com\/index.php\/wp-json\/wp\/v2\/posts\/76799"}],"collection":[{"href":"https:\/\/diariodigitalmx.com\/index.php\/wp-json\/wp\/v2\/posts"}],"about":[{"href":"https:\/\/diariodigitalmx.com\/index.php\/wp-json\/wp\/v2\/types\/post"}],"author":[{"embeddable":true,"href":"https:\/\/diariodigitalmx.com\/index.php\/wp-json\/wp\/v2\/users\/1"}],"replies":[{"embeddable":true,"href":"https:\/\/diariodigitalmx.com\/index.php\/wp-json\/wp\/v2\/comments?post=76799"}],"version-history":[{"count":8,"href":"https:\/\/diariodigitalmx.com\/index.php\/wp-json\/wp\/v2\/posts\/76799\/revisions"}],"predecessor-version":[{"id":76814,"href":"https:\/\/diariodigitalmx.com\/index.php\/wp-json\/wp\/v2\/posts\/76799\/revisions\/76814"}],"wp:featuredmedia":[{"embeddable":true,"href":"https:\/\/diariodigitalmx.com\/index.php\/wp-json\/wp\/v2\/media\/76802"}],"wp:attachment":[{"href":"https:\/\/diariodigitalmx.com\/index.php\/wp-json\/wp\/v2\/media?parent=76799"}],"wp:term":[{"taxonomy":"category","embeddable":true,"href":"https:\/\/diariodigitalmx.com\/index.php\/wp-json\/wp\/v2\/categories?post=76799"},{"taxonomy":"post_tag","embeddable":true,"href":"https:\/\/diariodigitalmx.com\/index.php\/wp-json\/wp\/v2\/tags?post=76799"}],"curies":[{"name":"wp","href":"https:\/\/api.w.org\/{rel}","templated":true}]}}