{"id":76880,"date":"2022-05-25T15:40:31","date_gmt":"2022-05-25T20:40:31","guid":{"rendered":"http:\/\/diariodigitalmx.com\/?p=76880"},"modified":"2022-05-25T15:46:09","modified_gmt":"2022-05-25T20:46:09","slug":"en-escobedo-se-evita-la-desercion-escolar-y-se-atiende-a-estudiantes-y-familias-con-programas-especificos","status":"publish","type":"post","link":"https:\/\/diariodigitalmx.com\/index.php\/2022\/05\/25\/en-escobedo-se-evita-la-desercion-escolar-y-se-atiende-a-estudiantes-y-familias-con-programas-especificos\/","title":{"rendered":"En Escobedo se evita la deserci\u00f3n escolar y se atiende a estudiantes y familias con programas espec\u00edficos<br>&nbsp;"},"content":{"rendered":"\n<figure class=\"wp-block-video\"><video controls src=\"http:\/\/diariodigitalmx.com\/wp-content\/uploads\/2022\/05\/CLAUSURA-DEL-PROGRAMA-PACCE-PRIMARIA-FEDERICO-VILLARREAL-PRADERAS-DE-SAN-FRANSICO-MEDIOS-ASPECTOS-1.mp4\"><\/video><\/figure>\n\n\n\n<p>Con el objetivo de evitar la deserci\u00f3n escolar entre los estudiantes y brindar apoyo a sus familias, el Gobierno de Escobedo llev\u00f3 a los planteles educativos el Programa de Atenci\u00f3n a la Continuidad y Capacitaci\u00f3n Educativa (PACCE).<br>Durante el ciclo escolar, la Administraci\u00f3n del Alcalde Andr\u00e9s Mijes Llovera ha implementado este programa integral en 20 escuelas, el cual consiste en impartir talleres y conferencias con programaci\u00f3n neuroling\u00fc\u00edstica enfocada en favorecer el desarrollo de habilidades y aptitudes.<\/p>\n\n\n\n<figure class=\"wp-block-image size-large\"><img loading=\"lazy\" decoding=\"async\" width=\"1024\" height=\"674\" src=\"http:\/\/diariodigitalmx.com\/wp-content\/uploads\/2022\/05\/Image-2022-05-25-3-1024x674.jpeg\" alt=\"\" class=\"wp-image-76892\" srcset=\"https:\/\/diariodigitalmx.com\/wp-content\/uploads\/2022\/05\/Image-2022-05-25-3-1024x674.jpeg 1024w, https:\/\/diariodigitalmx.com\/wp-content\/uploads\/2022\/05\/Image-2022-05-25-3-300x198.jpeg 300w, https:\/\/diariodigitalmx.com\/wp-content\/uploads\/2022\/05\/Image-2022-05-25-3-768x506.jpeg 768w, https:\/\/diariodigitalmx.com\/wp-content\/uploads\/2022\/05\/Image-2022-05-25-3.jpeg 1280w\" sizes=\"(max-width: 1024px) 100vw, 1024px\" \/><\/figure>\n\n\n\n<p>Mijes Llovera visit\u00f3 la Escuela Primaria Federico Villarreal Villarreal, ubicada en la Colonia Praderas de San Francisco, en donde dirigi\u00f3 un mensaje a los alumnos para motivarlos a que contin\u00faen con su preparaci\u00f3n acad\u00e9mica y planes de vida.\u00a0<\/p>\n\n\n\n<figure class=\"wp-block-image size-large\"><img loading=\"lazy\" decoding=\"async\" width=\"1024\" height=\"655\" src=\"http:\/\/diariodigitalmx.com\/wp-content\/uploads\/2022\/05\/Image-2022-05-25-4-1024x655.jpeg\" alt=\"\" class=\"wp-image-76887\" srcset=\"https:\/\/diariodigitalmx.com\/wp-content\/uploads\/2022\/05\/Image-2022-05-25-4-1024x655.jpeg 1024w, https:\/\/diariodigitalmx.com\/wp-content\/uploads\/2022\/05\/Image-2022-05-25-4-300x192.jpeg 300w, https:\/\/diariodigitalmx.com\/wp-content\/uploads\/2022\/05\/Image-2022-05-25-4-768x491.jpeg 768w, https:\/\/diariodigitalmx.com\/wp-content\/uploads\/2022\/05\/Image-2022-05-25-4.jpeg 1280w\" sizes=\"(max-width: 1024px) 100vw, 1024px\" \/><\/figure>\n\n\n\n<p>\u201cYo los invito a que estudien, a que se capaciten a que escuchen a sus maestros porque son la gu\u00eda en su segunda casa que es la escuela, ellos son quienes los van a orientar para ser alguien la vida\u201d.<br>A los padres de familia, Mijes Llovera les record\u00f3 que quienes tengan truncos sus estudios de primaria y secundaria pueden culminarlos en un solo examen, asimismo la preparatoria en seis meses, a trav\u00e9s del Fomento de Educaci\u00f3n, Cultura y las Artes de la Secretar\u00eda de Bienestar de Escobedo.<\/p>\n\n\n\n<figure class=\"wp-block-image size-large\"><img loading=\"lazy\" decoding=\"async\" width=\"1024\" height=\"682\" src=\"http:\/\/diariodigitalmx.com\/wp-content\/uploads\/2022\/05\/Image-2022-05-25-1-1024x682.jpeg\" alt=\"\" class=\"wp-image-76890\" srcset=\"https:\/\/diariodigitalmx.com\/wp-content\/uploads\/2022\/05\/Image-2022-05-25-1-1024x682.jpeg 1024w, https:\/\/diariodigitalmx.com\/wp-content\/uploads\/2022\/05\/Image-2022-05-25-1-300x200.jpeg 300w, https:\/\/diariodigitalmx.com\/wp-content\/uploads\/2022\/05\/Image-2022-05-25-1-768x512.jpeg 768w, https:\/\/diariodigitalmx.com\/wp-content\/uploads\/2022\/05\/Image-2022-05-25-1.jpeg 1280w\" sizes=\"(max-width: 1024px) 100vw, 1024px\" \/><\/figure>\n\n\n\n<p>Para mejorar su econom\u00eda familiar, la Secretar\u00eda de Desarrollo Econ\u00f3mico y Turismo ofrece la Bolsa de Trabajo en donde cuentan con vacantes de diferentes empresas.<br>Y para quienes busquen generar un ingreso econ\u00f3mico extra, la dependencia imparte talleres de autoempleo.<br>Durante la visita al plantel educativo, estuvo presente el Secretario de Bienestar, Daniel Flores Carrales y el Director de Fomento de Educaci\u00f3n, Cultura y las Artes, Hugo Espiricueta S\u00e1nchez, entre otros.<br><\/p>\n","protected":false},"excerpt":{"rendered":"<p>Con el objetivo de evitar la deserci\u00f3n escolar entre los estudiantes y brindar apoyo a sus familias, el Gobierno de Escobedo llev\u00f3 a los planteles educativos el Programa de Atenci\u00f3n a la Continuidad y Capacitaci\u00f3n Educativa (PACCE).Durante el ciclo escolar, la Administraci\u00f3n del Alcalde Andr\u00e9s Mijes Llovera ha implementado este programa integral en 20 escuelas, [&hellip;]<\/p>\n","protected":false},"author":1,"featured_media":76883,"comment_status":"open","ping_status":"open","sticky":true,"template":"","format":"standard","meta":{"footnotes":""},"categories":[14,6],"tags":[],"_links":{"self":[{"href":"https:\/\/diariodigitalmx.com\/index.php\/wp-json\/wp\/v2\/posts\/76880"}],"collection":[{"href":"https:\/\/diariodigitalmx.com\/index.php\/wp-json\/wp\/v2\/posts"}],"about":[{"href":"https:\/\/diariodigitalmx.com\/index.php\/wp-json\/wp\/v2\/types\/post"}],"author":[{"embeddable":true,"href":"https:\/\/diariodigitalmx.com\/index.php\/wp-json\/wp\/v2\/users\/1"}],"replies":[{"embeddable":true,"href":"https:\/\/diariodigitalmx.com\/index.php\/wp-json\/wp\/v2\/comments?post=76880"}],"version-history":[{"count":9,"href":"https:\/\/diariodigitalmx.com\/index.php\/wp-json\/wp\/v2\/posts\/76880\/revisions"}],"predecessor-version":[{"id":76896,"href":"https:\/\/diariodigitalmx.com\/index.php\/wp-json\/wp\/v2\/posts\/76880\/revisions\/76896"}],"wp:featuredmedia":[{"embeddable":true,"href":"https:\/\/diariodigitalmx.com\/index.php\/wp-json\/wp\/v2\/media\/76883"}],"wp:attachment":[{"href":"https:\/\/diariodigitalmx.com\/index.php\/wp-json\/wp\/v2\/media?parent=76880"}],"wp:term":[{"taxonomy":"category","embeddable":true,"href":"https:\/\/diariodigitalmx.com\/index.php\/wp-json\/wp\/v2\/categories?post=76880"},{"taxonomy":"post_tag","embeddable":true,"href":"https:\/\/diariodigitalmx.com\/index.php\/wp-json\/wp\/v2\/tags?post=76880"}],"curies":[{"name":"wp","href":"https:\/\/api.w.org\/{rel}","templated":true}]}}