{"id":76929,"date":"2022-05-26T12:55:06","date_gmt":"2022-05-26T17:55:06","guid":{"rendered":"http:\/\/diariodigitalmx.com\/?p=76929"},"modified":"2022-05-26T12:56:31","modified_gmt":"2022-05-26T17:56:31","slug":"es-mejor-la-critica-en-exceso-a-querer-callar-y-acabar-con-la-libertad-de-expresion-alejandro-moreno","status":"publish","type":"post","link":"https:\/\/diariodigitalmx.com\/index.php\/2022\/05\/26\/es-mejor-la-critica-en-exceso-a-querer-callar-y-acabar-con-la-libertad-de-expresion-alejandro-moreno\/","title":{"rendered":"Es mejor la cr\u00edtica en exceso, a querer callar y acabar con la libertad de expresi\u00f3n: Alejandro Moreno"},"content":{"rendered":"\n<p>Monterrey- En el Partido Revolucionario Institucional (PRI) sab\u00edamos que la presi\u00f3n pol\u00edtica y las intimidaciones por parte de Morena llegar\u00edan si continu\u00e1bamos exhibiendo su mal gobierno, y as\u00ed pas\u00f3, pero no nos vamos a callar.<\/p>\n\n\n\n<p>El presidente del PRI en Nuevo Le\u00f3n, Jos\u00e9 Luis Garza Ochoa expres\u00f3 \u201crespaldamos a nuestro presidente nacional, Alejandro Moreno, en la denuncia ante la Fiscal\u00eda General de la Rep\u00fablica en contra de quienes resulten responsables por los supuestos audios que circulan en diversos medios y que s\u00f3lo buscan dividir a la oposici\u00f3n y divulgar informaci\u00f3n falsa\u201d.<\/p>\n\n\n\n<figure class=\"wp-block-image size-large\"><img loading=\"lazy\" decoding=\"async\" width=\"756\" height=\"1024\" src=\"http:\/\/diariodigitalmx.com\/wp-content\/uploads\/2022\/05\/Jose-Luis-2-26-Mayo-756x1024.jpg\" alt=\"\" class=\"wp-image-76932\" srcset=\"https:\/\/diariodigitalmx.com\/wp-content\/uploads\/2022\/05\/Jose-Luis-2-26-Mayo-756x1024.jpg 756w, https:\/\/diariodigitalmx.com\/wp-content\/uploads\/2022\/05\/Jose-Luis-2-26-Mayo-221x300.jpg 221w, https:\/\/diariodigitalmx.com\/wp-content\/uploads\/2022\/05\/Jose-Luis-2-26-Mayo-768x1040.jpg 768w, https:\/\/diariodigitalmx.com\/wp-content\/uploads\/2022\/05\/Jose-Luis-2-26-Mayo.jpg 945w\" sizes=\"(max-width: 756px) 100vw, 756px\" \/><\/figure>\n\n\n\n<p>Advirti\u00f3 que es evidente la campa\u00f1a de desprestigio que ha emprendido el gobierno federal, Morena y la gobernadora de Campeche, Layda Sansores en contra no s\u00f3lo del dirigente nacional del PRI, sino tambi\u00e9n de sus candidatos a las gubernaturas de Aguascalientes, Durango, Hidalgo, Oaxaca, Quintana Roo y Tamaulipas.<\/p>\n\n\n\n<p>\u201cNo podemos caer en sus cortinas de humo y mentiras, sabemos que los audios editados, son un montaje de conversaciones con las que buscan confrontar al PRI con los dem\u00e1s partidos de oposici\u00f3n para dividirnos y con los medios de comunicaci\u00f3n y la ciudadan\u00eda para ponerlos en nuestra contra\u201d, asegur\u00f3.<\/p>\n\n\n\n<p>Nos entristece, agreg\u00f3 Garza Ochoa, pero principalmente nos molesta que Morena y este Gobierno est\u00e9n dedicados a desprestigiar, y a confrontarnos con los ciudadanos en lugar de ponerse a trabajar, de cumplir con sus promesas de campa\u00f1a.<\/p>\n\n\n\n<p>Afirm\u00f3 el dirigente estatal priista que \u201clo decimos fuerte y claro, este gobierno autoritario y represor se topar\u00e1 con pared, los enfrentaremos con la verdad y la justicia\u201d.<\/p>\n\n\n\n<p>Destac\u00f3 que ni el PRI ni los partidos de oposici\u00f3n permitir\u00e1n que Morena instaure en M\u00e9xico una dictadura, \u201cdefenderemos la libertad por amor a nuestros hijos, a nuestra familia y a nuestro pa\u00eds\u201d.<\/p>\n\n\n\n<p>Dijo que, como partido, el PRI siempre respaldar\u00e1 la libertad de expresi\u00f3n \u201cy a nuestros compa\u00f1eros y amigos de los medios de comunicaci\u00f3n les expresamos toda nuestra admiraci\u00f3n por la enorme labor que realizan d\u00eda a d\u00eda para mantener bien informada a la ciudadan\u00eda\u201d, concluy\u00f3.<\/p>\n","protected":false},"excerpt":{"rendered":"<p>Monterrey- En el Partido Revolucionario Institucional (PRI) sab\u00edamos que la presi\u00f3n pol\u00edtica y las intimidaciones por parte de Morena llegar\u00edan si continu\u00e1bamos exhibiendo su mal gobierno, y as\u00ed pas\u00f3, pero no nos vamos a callar. El presidente del PRI en Nuevo Le\u00f3n, Jos\u00e9 Luis Garza Ochoa expres\u00f3 \u201crespaldamos a nuestro presidente nacional, Alejandro Moreno, en [&hellip;]<\/p>\n","protected":false},"author":1,"featured_media":76931,"comment_status":"open","ping_status":"open","sticky":true,"template":"","format":"standard","meta":{"footnotes":""},"categories":[6,3],"tags":[],"_links":{"self":[{"href":"https:\/\/diariodigitalmx.com\/index.php\/wp-json\/wp\/v2\/posts\/76929"}],"collection":[{"href":"https:\/\/diariodigitalmx.com\/index.php\/wp-json\/wp\/v2\/posts"}],"about":[{"href":"https:\/\/diariodigitalmx.com\/index.php\/wp-json\/wp\/v2\/types\/post"}],"author":[{"embeddable":true,"href":"https:\/\/diariodigitalmx.com\/index.php\/wp-json\/wp\/v2\/users\/1"}],"replies":[{"embeddable":true,"href":"https:\/\/diariodigitalmx.com\/index.php\/wp-json\/wp\/v2\/comments?post=76929"}],"version-history":[{"count":2,"href":"https:\/\/diariodigitalmx.com\/index.php\/wp-json\/wp\/v2\/posts\/76929\/revisions"}],"predecessor-version":[{"id":76933,"href":"https:\/\/diariodigitalmx.com\/index.php\/wp-json\/wp\/v2\/posts\/76929\/revisions\/76933"}],"wp:featuredmedia":[{"embeddable":true,"href":"https:\/\/diariodigitalmx.com\/index.php\/wp-json\/wp\/v2\/media\/76931"}],"wp:attachment":[{"href":"https:\/\/diariodigitalmx.com\/index.php\/wp-json\/wp\/v2\/media?parent=76929"}],"wp:term":[{"taxonomy":"category","embeddable":true,"href":"https:\/\/diariodigitalmx.com\/index.php\/wp-json\/wp\/v2\/categories?post=76929"},{"taxonomy":"post_tag","embeddable":true,"href":"https:\/\/diariodigitalmx.com\/index.php\/wp-json\/wp\/v2\/tags?post=76929"}],"curies":[{"name":"wp","href":"https:\/\/api.w.org\/{rel}","templated":true}]}}