{"id":7695,"date":"2019-07-09T11:50:01","date_gmt":"2019-07-09T16:50:01","guid":{"rendered":"http:\/\/diariodigitalmx.com\/?p=7695"},"modified":"2019-09-06T17:20:18","modified_gmt":"2019-09-06T22:20:18","slug":"por-discrepancias-e-imposiciones-renuncia-a-hacienda-carlos-urzua","status":"publish","type":"post","link":"https:\/\/diariodigitalmx.com\/index.php\/2019\/07\/09\/por-discrepancias-e-imposiciones-renuncia-a-hacienda-carlos-urzua\/","title":{"rendered":"Por discrepancias e imposiciones, renuncia a Hacienda, Carlos Urz\u00faa"},"content":{"rendered":"\n<p>Carlos Urz\u00faa present\u00f3 su renuncia como secretario de Hacienda al presidente Andr\u00e9s Manuel L\u00f3pez Obrador por discrepancias en materia econ\u00f3mica, algunas de ellas porque &#8220;se han tomado decisiones de pol\u00edtica p\u00fablica sin el suficiente sustento&#8221;. Adem\u00e1s, acus\u00f3 la imposici\u00f3n de funcionarios que no tienen conocimiento de la Hacienda P\u00fablica.<\/p>\n\n\n\n<p>\u201cNo sin antes de manifestarle mi profundo agradecimiento por haberme dado la oportunidad de servir a M\u00e9xico durante este primer a\u00f1o de su administraci\u00f3n, me permito comunicarle que he decidido renunciar a partir de esta fecha a mi cargo de Secretario de Hacienda y Cr\u00e9dito P\u00fablico\u201d, anunci\u00f3 en su cuenta de Twitter.<\/p>\n\n\n\n<figure class=\"wp-block-image\"><img loading=\"lazy\" decoding=\"async\" width=\"576\" height=\"1024\" src=\"http:\/\/diariodigitalmx.com\/wp-content\/uploads\/2019\/07\/Screenshot_20190709-114533-576x1024.png\" alt=\"\" class=\"wp-image-7698\" srcset=\"https:\/\/diariodigitalmx.com\/wp-content\/uploads\/2019\/07\/Screenshot_20190709-114533-576x1024.png 576w, https:\/\/diariodigitalmx.com\/wp-content\/uploads\/2019\/07\/Screenshot_20190709-114533-169x300.png 169w, https:\/\/diariodigitalmx.com\/wp-content\/uploads\/2019\/07\/Screenshot_20190709-114533-768x1365.png 768w, https:\/\/diariodigitalmx.com\/wp-content\/uploads\/2019\/07\/Screenshot_20190709-114533.png 1080w\" sizes=\"(max-width: 576px) 100vw, 576px\" \/><\/figure>\n","protected":false},"excerpt":{"rendered":"<p>Carlos Urz\u00faa present\u00f3 su renuncia como secretario de Hacienda al presidente Andr\u00e9s Manuel L\u00f3pez Obrador por discrepancias en materia econ\u00f3mica, algunas de ellas porque &#8220;se han tomado decisiones de pol\u00edtica p\u00fablica sin el suficiente sustento&#8221;. Adem\u00e1s, acus\u00f3 la imposici\u00f3n de funcionarios que no tienen conocimiento de la Hacienda P\u00fablica. \u201cNo sin antes de manifestarle mi [&hellip;]<\/p>\n","protected":false},"author":1,"featured_media":7697,"comment_status":"open","ping_status":"open","sticky":true,"template":"","format":"standard","meta":{"footnotes":""},"categories":[2],"tags":[],"_links":{"self":[{"href":"https:\/\/diariodigitalmx.com\/index.php\/wp-json\/wp\/v2\/posts\/7695"}],"collection":[{"href":"https:\/\/diariodigitalmx.com\/index.php\/wp-json\/wp\/v2\/posts"}],"about":[{"href":"https:\/\/diariodigitalmx.com\/index.php\/wp-json\/wp\/v2\/types\/post"}],"author":[{"embeddable":true,"href":"https:\/\/diariodigitalmx.com\/index.php\/wp-json\/wp\/v2\/users\/1"}],"replies":[{"embeddable":true,"href":"https:\/\/diariodigitalmx.com\/index.php\/wp-json\/wp\/v2\/comments?post=7695"}],"version-history":[{"count":2,"href":"https:\/\/diariodigitalmx.com\/index.php\/wp-json\/wp\/v2\/posts\/7695\/revisions"}],"predecessor-version":[{"id":7699,"href":"https:\/\/diariodigitalmx.com\/index.php\/wp-json\/wp\/v2\/posts\/7695\/revisions\/7699"}],"wp:featuredmedia":[{"embeddable":true,"href":"https:\/\/diariodigitalmx.com\/index.php\/wp-json\/wp\/v2\/media\/7697"}],"wp:attachment":[{"href":"https:\/\/diariodigitalmx.com\/index.php\/wp-json\/wp\/v2\/media?parent=7695"}],"wp:term":[{"taxonomy":"category","embeddable":true,"href":"https:\/\/diariodigitalmx.com\/index.php\/wp-json\/wp\/v2\/categories?post=7695"},{"taxonomy":"post_tag","embeddable":true,"href":"https:\/\/diariodigitalmx.com\/index.php\/wp-json\/wp\/v2\/tags?post=7695"}],"curies":[{"name":"wp","href":"https:\/\/api.w.org\/{rel}","templated":true}]}}