{"id":770,"date":"2019-03-04T12:22:57","date_gmt":"2019-03-04T18:22:57","guid":{"rendered":"http:\/\/diariodigitalmx.com\/?p=770"},"modified":"2019-03-04T12:22:58","modified_gmt":"2019-03-04T18:22:58","slug":"por-cierto-4","status":"publish","type":"post","link":"https:\/\/diariodigitalmx.com\/index.php\/2019\/03\/04\/por-cierto-4\/","title":{"rendered":"Por cierto&#8230;"},"content":{"rendered":"\n<p>\u00a0En el PRI siguen sin rumbo, ahora Narro, el exrector de la UNAM anuncia que busca la dirigencia del CEN de ese partido. Lo peor es que se dividieron los militantes entre los que creen este oportunista puede salvar con su prestigio al maltrecho partido y los que prefieren a un dino tipo Manlio. <\/p>\n\n\n\n<div class=\"wp-block-image\"><figure class=\"alignright is-resized\"><img loading=\"lazy\" decoding=\"async\" src=\"http:\/\/diariodigitalmx.com\/wp-content\/uploads\/2019\/03\/def3db74-28d6-4570-9574-364f0eac1a85-3.jpg\" alt=\"\" class=\"wp-image-772\" width=\"100\" height=\"126\" srcset=\"https:\/\/diariodigitalmx.com\/wp-content\/uploads\/2019\/03\/def3db74-28d6-4570-9574-364f0eac1a85-3.jpg 252w, https:\/\/diariodigitalmx.com\/wp-content\/uploads\/2019\/03\/def3db74-28d6-4570-9574-364f0eac1a85-3-238x300.jpg 238w\" sizes=\"(max-width: 100px) 100vw, 100px\" \/><\/figure><\/div>\n\n\n\n<p>El asunto es que el prestigio no se comparte por \u00f3smosis, as\u00ed que el PRI debe entrar a cirug\u00eda mayor y volverse un verdadero partido donde los capos y jefes de grupo no repartan el bot\u00edn entre los suyos y excluyan al resto. <\/p>\n\n\n\n<p>M\u00e9xico necesita del PRI, PAN y otros partidos fuertes que sean el contrapeso republicano que requiere el pa\u00eds. <\/p>\n\n\n\n<p>Pero no es inventando a los no priistas como Meade o Narro e insultando a los militantes ignorados como puede revivir ese partido&#8230; AMLO se meti\u00f3 en Chihuahua y devolvi\u00f3 la copa al gobernador del Corral. Hasta lo defendi\u00f3 de los abucheos en su propia tierra. Cachetada con guante blanco.<\/p>\n\n\n\n<p>Oscar Tamez Rdz.&nbsp;<a rel=\"noreferrer noopener\" target=\"_blank\" href=\"http:\/\/www.estudiospoliticos.mx\/\">www.estudiospoliticos.mx<\/a><a rel=\"noreferrer noopener\" target=\"_blank\" href=\"http:\/\/facebook.com\/EstudiosPoliticos.mx\">Facebook.com\/EstudiosPoliticos.mx<\/a>@EstudiosMx<br><\/p>\n","protected":false},"excerpt":{"rendered":"<p>\u00a0En el PRI siguen sin rumbo, ahora Narro, el exrector de la UNAM anuncia que busca la dirigencia del CEN de ese partido. Lo peor es que se dividieron los militantes entre los que creen este oportunista puede salvar con su prestigio al maltrecho partido y los que prefieren a un dino tipo Manlio. El [&hellip;]<\/p>\n","protected":false},"author":1,"featured_media":771,"comment_status":"open","ping_status":"open","sticky":true,"template":"","format":"standard","meta":{"footnotes":""},"categories":[12],"tags":[],"_links":{"self":[{"href":"https:\/\/diariodigitalmx.com\/index.php\/wp-json\/wp\/v2\/posts\/770"}],"collection":[{"href":"https:\/\/diariodigitalmx.com\/index.php\/wp-json\/wp\/v2\/posts"}],"about":[{"href":"https:\/\/diariodigitalmx.com\/index.php\/wp-json\/wp\/v2\/types\/post"}],"author":[{"embeddable":true,"href":"https:\/\/diariodigitalmx.com\/index.php\/wp-json\/wp\/v2\/users\/1"}],"replies":[{"embeddable":true,"href":"https:\/\/diariodigitalmx.com\/index.php\/wp-json\/wp\/v2\/comments?post=770"}],"version-history":[{"count":1,"href":"https:\/\/diariodigitalmx.com\/index.php\/wp-json\/wp\/v2\/posts\/770\/revisions"}],"predecessor-version":[{"id":773,"href":"https:\/\/diariodigitalmx.com\/index.php\/wp-json\/wp\/v2\/posts\/770\/revisions\/773"}],"wp:featuredmedia":[{"embeddable":true,"href":"https:\/\/diariodigitalmx.com\/index.php\/wp-json\/wp\/v2\/media\/771"}],"wp:attachment":[{"href":"https:\/\/diariodigitalmx.com\/index.php\/wp-json\/wp\/v2\/media?parent=770"}],"wp:term":[{"taxonomy":"category","embeddable":true,"href":"https:\/\/diariodigitalmx.com\/index.php\/wp-json\/wp\/v2\/categories?post=770"},{"taxonomy":"post_tag","embeddable":true,"href":"https:\/\/diariodigitalmx.com\/index.php\/wp-json\/wp\/v2\/tags?post=770"}],"curies":[{"name":"wp","href":"https:\/\/api.w.org\/{rel}","templated":true}]}}