{"id":7701,"date":"2019-07-09T14:43:27","date_gmt":"2019-07-09T19:43:27","guid":{"rendered":"http:\/\/diariodigitalmx.com\/?p=7701"},"modified":"2019-07-09T14:43:29","modified_gmt":"2019-07-09T19:43:29","slug":"nos-rige-un-gobierno-sin-rumbo-ni-claridad-antorcha","status":"publish","type":"post","link":"https:\/\/diariodigitalmx.com\/index.php\/2019\/07\/09\/nos-rige-un-gobierno-sin-rumbo-ni-claridad-antorcha\/","title":{"rendered":"Nos rige un gobierno sin rumbo ni claridad: Antorcha"},"content":{"rendered":"\n<p>Por Pedro Garc\u00eda Trevi\u00f1o<\/p>\n\n\n\n<p>Al se\u00f1alar que al pa\u00eds lo rige un r\u00e9gimen sin rumbo ni claridad, el Movimiento Antorcha Campesina sostiene que la verdadera transformaci\u00f3n va a producirse con la organizaci\u00f3n de las clases trabajadoras, lo cual es urgente y necesaria.<\/p>\n\n\n\n<p>Antorcha Campesina considera que, si bien M\u00e9xico experimenta nuevos retos pol\u00edticos y econ\u00f3micos, el gobierno federal carece de rumbo y claridad para conducir los destinos de los m\u00e1s de 120 millones de mexicanos, expres\u00f3 el dirigente estatal antorchista, Ram\u00f3n Rosales C\u00f3rdova.<\/p>\n\n\n\n<p>La agrupaci\u00f3n que lidera Aquiles C\u00f3rdova Mor\u00e1n est\u00e1 por cumplir 45 a\u00f1os de actividades lo cual celebrar\u00e1 con grandes reuniones, ocasi\u00f3n que ser\u00e1 propicia para externar \u201cun grito de protesta contra la desigualdad e injusticia sociales\u201d.<\/p>\n\n\n\n<p>A la vez, le servir\u00e1 para demostrar p\u00fablicamente la unidad de su movimiento y su vinculaci\u00f3n indiscutible con las bases de la sociedad, particularmente la gente empobrecida.<\/p>\n\n\n\n<p>Eso, establece Antorcha Campesina, le da condiciones para mantener sus aspiraciones en la lucha por el poder pol\u00edtico, con el fin superior de conquistar una vida mejor para las mayor\u00edas socialmente vulnerables.<\/p>\n\n\n\n<p>Antorcha convoca a las mayor\u00edas a lograr la aut\u00e9ntica transformaci\u00f3n, en donde propone, una vez m\u00e1s, medidas pol\u00edticas y econ\u00f3micas para combatir la pobreza y la desigualdad a trav\u00e9s de:<\/p>\n\n\n\n<p>Una pol\u00edtica fiscal progresiva, en la que paguen m\u00e1s impuestos los m\u00e1s ricos; reorientaci\u00f3n del gasto hacia las clases trabajadoras con la dotaci\u00f3n de todos los servicios y de calidad; empleo para todos los mexicanos en edad de trabajar y salarios remunerados, para obtener una vida mejor.<\/p>\n\n\n\n<p>El Movimiento Antorchista Nacional anunci\u00f3 su 45 aniversario, motivo por cual realizar\u00e1 seis magnas concentraciones en el pa\u00eds. En total, ser\u00e1n m\u00e1s de 500 mil mexicanos los que reunir\u00e1 en los festejos. En San Luis Potos\u00ed, sede del Regional Norte, realizar\u00e1 el primer evento pol\u00edtico-cultural el pr\u00f3ximo 11 de agosto con una asistencia de 100 mil antorchistas en el estadio &#8220;Alfonso Lastras&#8221;.<\/p>\n\n\n\n<p>En los diferentes eventos se contar\u00e1 con la participaci\u00f3n del Comit\u00e9 Ejecutivo y de la Direcci\u00f3n Nacional en pleno, as\u00ed como de su secretario general, el ingeniero Aquiles C\u00f3rdova Mor\u00e1n.<\/p>\n\n\n\n<p>As\u00ed, miles de antorchistas exigir\u00e1n que el presidente, Andr\u00e9s Manuel L\u00f3pez Obrador, deje de faltarles al respeto. Tambi\u00e9n, denunciar\u00e1n la falta de obras b\u00e1sicas en las colonias y pueblos, y el deterioro de los servicios de salud, entre otras carencias que se han agudizado con el nuevo gobierno.<\/p>\n","protected":false},"excerpt":{"rendered":"<p>Por Pedro Garc\u00eda Trevi\u00f1o Al se\u00f1alar que al pa\u00eds lo rige un r\u00e9gimen sin rumbo ni claridad, el Movimiento Antorcha Campesina sostiene que la verdadera transformaci\u00f3n va a producirse con la organizaci\u00f3n de las clases trabajadoras, lo cual es urgente y necesaria. Antorcha Campesina considera que, si bien M\u00e9xico experimenta nuevos retos pol\u00edticos y econ\u00f3micos, [&hellip;]<\/p>\n","protected":false},"author":1,"featured_media":7703,"comment_status":"open","ping_status":"open","sticky":true,"template":"","format":"standard","meta":{"footnotes":""},"categories":[6],"tags":[],"_links":{"self":[{"href":"https:\/\/diariodigitalmx.com\/index.php\/wp-json\/wp\/v2\/posts\/7701"}],"collection":[{"href":"https:\/\/diariodigitalmx.com\/index.php\/wp-json\/wp\/v2\/posts"}],"about":[{"href":"https:\/\/diariodigitalmx.com\/index.php\/wp-json\/wp\/v2\/types\/post"}],"author":[{"embeddable":true,"href":"https:\/\/diariodigitalmx.com\/index.php\/wp-json\/wp\/v2\/users\/1"}],"replies":[{"embeddable":true,"href":"https:\/\/diariodigitalmx.com\/index.php\/wp-json\/wp\/v2\/comments?post=7701"}],"version-history":[{"count":1,"href":"https:\/\/diariodigitalmx.com\/index.php\/wp-json\/wp\/v2\/posts\/7701\/revisions"}],"predecessor-version":[{"id":7702,"href":"https:\/\/diariodigitalmx.com\/index.php\/wp-json\/wp\/v2\/posts\/7701\/revisions\/7702"}],"wp:featuredmedia":[{"embeddable":true,"href":"https:\/\/diariodigitalmx.com\/index.php\/wp-json\/wp\/v2\/media\/7703"}],"wp:attachment":[{"href":"https:\/\/diariodigitalmx.com\/index.php\/wp-json\/wp\/v2\/media?parent=7701"}],"wp:term":[{"taxonomy":"category","embeddable":true,"href":"https:\/\/diariodigitalmx.com\/index.php\/wp-json\/wp\/v2\/categories?post=7701"},{"taxonomy":"post_tag","embeddable":true,"href":"https:\/\/diariodigitalmx.com\/index.php\/wp-json\/wp\/v2\/tags?post=7701"}],"curies":[{"name":"wp","href":"https:\/\/api.w.org\/{rel}","templated":true}]}}