{"id":77018,"date":"2022-05-28T09:41:34","date_gmt":"2022-05-28T14:41:34","guid":{"rendered":"http:\/\/diariodigitalmx.com\/?p=77018"},"modified":"2022-05-28T09:42:03","modified_gmt":"2022-05-28T14:42:03","slug":"van-9-arrestos-de-estudiantes-por-amenazas-a-escuelas-en-texas","status":"publish","type":"post","link":"https:\/\/diariodigitalmx.com\/index.php\/2022\/05\/28\/van-9-arrestos-de-estudiantes-por-amenazas-a-escuelas-en-texas\/","title":{"rendered":"Van 9 arrestos de estudiantes por amenazas a escuelas en Texas"},"content":{"rendered":"\n<p>Por Rogelio Romero<\/p>\n\n\n\n<p>\u00c1lamo, Texas.- Las autoridades policiales en el sur de Texas, arrestaron este pasado 27 de mayo a 3 estudiantes m\u00e1s. Esto por proferir amenazas contra el personal y poblaci\u00f3n escolar de diversos centros educativos.<\/p>\n\n\n\n<p>Con estos nuevos casos se eleva a 9 el n\u00famero de j\u00f3venes detenidos en esta regi\u00f3n.<\/p>\n\n\n\n<p>En \u00c1lamo fue detenido un estudiante de 14 a\u00f1os&nbsp; de edad, perteneciente a la escuela secundaria Vanguard&nbsp; por hacer amenazas terroristas.<\/p>\n\n\n\n<p>La polic\u00eda local inform\u00f3 que alrededor de las 3 AM del pasado jueves 26 de mayo, se recibi\u00f3 una llamada an\u00f3nima que reportaba que alguien hab\u00eda enviado mensajes amenazantes, advirtiendo que el viernes 27 se iba a registrar un tiroteo en el campus de la escuela.<\/p>\n\n\n\n<p>Tras entrevistar a varios escolares la polic\u00eda identific\u00f3 al estudiante que lanz\u00f3 las amenazas como un residente de la poblaci\u00f3n de&nbsp; Palmview, que acud\u00eda a la secundaria con sede en Alamo. Este fue detenido el viernes por la tarde, y enfrenta cargos por amenazas terroristas.<\/p>\n\n\n\n<p>En la poblaci\u00f3n de Rio Hondo la polic\u00eda arrest\u00f3 a un juvenil por realizar amenazas contra la preparatoria local, esto a trav\u00e9s de la plataforma digital Snapshat. El detenido fue remitido al Centro de Detenci\u00f3n Juvenil Darrel B. Hester.<\/p>\n\n\n\n<p>Mientras en Pharr fue removido un estudiante del s\u00e9ptimo grado de la secundaria Austin Middle School, debido a que profiri\u00f3&nbsp; en redes sociales, amenazas contra la escuela.<\/p>\n\n\n\n<p>La polic\u00eda de Pharr se\u00f1al\u00f3 que durante la investigaci\u00f3n no le fue encontrada arma alguna al estudiante, quien ahora enfrenta un cargo por amenaza terrorista.<\/p>\n\n\n\n<p><\/p>\n","protected":false},"excerpt":{"rendered":"<p>Por Rogelio Romero \u00c1lamo, Texas.- Las autoridades policiales en el sur de Texas, arrestaron este pasado 27 de mayo a 3 estudiantes m\u00e1s. Esto por proferir amenazas contra el personal y poblaci\u00f3n escolar de diversos centros educativos. Con estos nuevos casos se eleva a 9 el n\u00famero de j\u00f3venes detenidos en esta regi\u00f3n. En \u00c1lamo [&hellip;]<\/p>\n","protected":false},"author":1,"featured_media":77020,"comment_status":"open","ping_status":"open","sticky":true,"template":"","format":"standard","meta":{"footnotes":""},"categories":[14,4],"tags":[],"_links":{"self":[{"href":"https:\/\/diariodigitalmx.com\/index.php\/wp-json\/wp\/v2\/posts\/77018"}],"collection":[{"href":"https:\/\/diariodigitalmx.com\/index.php\/wp-json\/wp\/v2\/posts"}],"about":[{"href":"https:\/\/diariodigitalmx.com\/index.php\/wp-json\/wp\/v2\/types\/post"}],"author":[{"embeddable":true,"href":"https:\/\/diariodigitalmx.com\/index.php\/wp-json\/wp\/v2\/users\/1"}],"replies":[{"embeddable":true,"href":"https:\/\/diariodigitalmx.com\/index.php\/wp-json\/wp\/v2\/comments?post=77018"}],"version-history":[{"count":1,"href":"https:\/\/diariodigitalmx.com\/index.php\/wp-json\/wp\/v2\/posts\/77018\/revisions"}],"predecessor-version":[{"id":77019,"href":"https:\/\/diariodigitalmx.com\/index.php\/wp-json\/wp\/v2\/posts\/77018\/revisions\/77019"}],"wp:featuredmedia":[{"embeddable":true,"href":"https:\/\/diariodigitalmx.com\/index.php\/wp-json\/wp\/v2\/media\/77020"}],"wp:attachment":[{"href":"https:\/\/diariodigitalmx.com\/index.php\/wp-json\/wp\/v2\/media?parent=77018"}],"wp:term":[{"taxonomy":"category","embeddable":true,"href":"https:\/\/diariodigitalmx.com\/index.php\/wp-json\/wp\/v2\/categories?post=77018"},{"taxonomy":"post_tag","embeddable":true,"href":"https:\/\/diariodigitalmx.com\/index.php\/wp-json\/wp\/v2\/tags?post=77018"}],"curies":[{"name":"wp","href":"https:\/\/api.w.org\/{rel}","templated":true}]}}