{"id":77053,"date":"2022-05-28T14:33:41","date_gmt":"2022-05-28T19:33:41","guid":{"rendered":"http:\/\/diariodigitalmx.com\/?p=77053"},"modified":"2022-05-30T22:11:51","modified_gmt":"2022-05-31T03:11:51","slug":"dicen-se-complica-salud-del-bronco-su-esposa-pode-oraciones","status":"publish","type":"post","link":"https:\/\/diariodigitalmx.com\/index.php\/2022\/05\/28\/dicen-se-complica-salud-del-bronco-su-esposa-pode-oraciones\/","title":{"rendered":"Dicen se complica salud del Bronco; su esposa pide oraciones"},"content":{"rendered":"\n<p>Monterrey-&nbsp; La cirug\u00eda que se le practic\u00f3 al ex gobernador Jaime Rodr\u00edguez Calder\u00f3n \u201cEl Bronco\u201d, hace una semana, en el Hospital Universitario, ha presentado complicaciones, por lo que en \u00e9ste momento fue reingresado al quir\u00f3fano, inform\u00f3 AdalinaD\u00e1valos,&nbsp; esposa del ex gobernador JaimeRodr\u00edguez Calder\u00f3n.<\/p>\n\n\n\n<p>Por medio de un comunicado,&nbsp; se\u00f1ala que<br>la familia del ex gobernador, agrade cada una de las muestras de apoyo, y sus buenos comentarios que, a\u00f1ade, tengan la seguridad, se le han hecho llegar y le han hecho mucho bien an\u00edmicamente en estos momentos dif\u00edciles.<\/p>\n\n\n\n<p>&#8220;Hoy, m\u00e1s que nunca queremos pedirles, de coraz\u00f3n, que lo incluyan en sus oraciones para que pueda salir adelante, con la ayuda de los m\u00e9dicos especialistas, y de Dios. Gracias de antemano por sus buenos deseos&#8221;, clama D\u00e1valos.<\/p>\n\n\n\n<p>El ex gobernador&nbsp; fue operado en el Hospital Universitario,&nbsp; de un padecimiento de divert\u00edculos que afectan el colon y para extraerle dos tumores precancer\u00edgenos.<\/p>\n\n\n\n<p>Se inform\u00f3 que le cortaron un tramo de 40 cent\u00edmetros del colon que estaba afectado con divert\u00edculos, tras de que hab\u00eda sido internado el primero de mayo en el citado hospital, luego de que un Juez orden\u00f3 le fuera trasladado para atenci\u00f3n m\u00e9dica.<\/p>\n\n\n\n<p>Acusado de abuso de poder y por delitos electorales, El Bronco fue detenido el 14 de marzo e ingresado al Cereso 2 de Apodaca.<\/p>\n\n\n\n<p>Desde entonces se ha desarrollado una serie de acciones legales entre su defensa y el gobierno estatal que le acusa.<\/p>\n","protected":false},"excerpt":{"rendered":"<p>Monterrey-&nbsp; La cirug\u00eda que se le practic\u00f3 al ex gobernador Jaime Rodr\u00edguez Calder\u00f3n \u201cEl Bronco\u201d, hace una semana, en el Hospital Universitario, ha presentado complicaciones, por lo que en \u00e9ste momento fue reingresado al quir\u00f3fano, inform\u00f3 AdalinaD\u00e1valos,&nbsp; esposa del ex gobernador JaimeRodr\u00edguez Calder\u00f3n. Por medio de un comunicado,&nbsp; se\u00f1ala quela familia del ex gobernador, agrade [&hellip;]<\/p>\n","protected":false},"author":1,"featured_media":77055,"comment_status":"open","ping_status":"open","sticky":true,"template":"","format":"standard","meta":{"footnotes":""},"categories":[6,3],"tags":[],"_links":{"self":[{"href":"https:\/\/diariodigitalmx.com\/index.php\/wp-json\/wp\/v2\/posts\/77053"}],"collection":[{"href":"https:\/\/diariodigitalmx.com\/index.php\/wp-json\/wp\/v2\/posts"}],"about":[{"href":"https:\/\/diariodigitalmx.com\/index.php\/wp-json\/wp\/v2\/types\/post"}],"author":[{"embeddable":true,"href":"https:\/\/diariodigitalmx.com\/index.php\/wp-json\/wp\/v2\/users\/1"}],"replies":[{"embeddable":true,"href":"https:\/\/diariodigitalmx.com\/index.php\/wp-json\/wp\/v2\/comments?post=77053"}],"version-history":[{"count":3,"href":"https:\/\/diariodigitalmx.com\/index.php\/wp-json\/wp\/v2\/posts\/77053\/revisions"}],"predecessor-version":[{"id":77243,"href":"https:\/\/diariodigitalmx.com\/index.php\/wp-json\/wp\/v2\/posts\/77053\/revisions\/77243"}],"wp:featuredmedia":[{"embeddable":true,"href":"https:\/\/diariodigitalmx.com\/index.php\/wp-json\/wp\/v2\/media\/77055"}],"wp:attachment":[{"href":"https:\/\/diariodigitalmx.com\/index.php\/wp-json\/wp\/v2\/media?parent=77053"}],"wp:term":[{"taxonomy":"category","embeddable":true,"href":"https:\/\/diariodigitalmx.com\/index.php\/wp-json\/wp\/v2\/categories?post=77053"},{"taxonomy":"post_tag","embeddable":true,"href":"https:\/\/diariodigitalmx.com\/index.php\/wp-json\/wp\/v2\/tags?post=77053"}],"curies":[{"name":"wp","href":"https:\/\/api.w.org\/{rel}","templated":true}]}}