{"id":77149,"date":"2022-05-30T09:59:06","date_gmt":"2022-05-30T14:59:06","guid":{"rendered":"http:\/\/diariodigitalmx.com\/?p=77149"},"modified":"2022-05-30T10:02:33","modified_gmt":"2022-05-30T15:02:33","slug":"luciano-ramirez-vida-pasion-y-organizacion-del-atletismo-de-nuevo-leon","status":"publish","type":"post","link":"https:\/\/diariodigitalmx.com\/index.php\/2022\/05\/30\/luciano-ramirez-vida-pasion-y-organizacion-del-atletismo-de-nuevo-leon\/","title":{"rendered":"Luciano Ram\u00edrez, vida, pasi\u00f3n y organizaci\u00f3n del atletismo de Nuevo Le\u00f3n"},"content":{"rendered":"\n<p>-Deja un legado de 26 a\u00f1os al frente de&nbsp; la dirigencia de una de las organizaciones deportivas que m\u00e1s satisfacciones ha dado al deporte no profesional en el estado y de M\u00e9xico teniendo como proyecci\u00f3n internacional su mayor prioridad, cediendo el paso a una nueva joven y entusiasta dirigencia<\/p>\n\n\n\n<p>Por: Ra\u00fal E. Guevara Ortiz.- Con paso lento, quiz\u00e1 cansado por sus 71 a\u00f1os de edad, o tal vez por la sapiencia de un hombre que carga sobre sus espaldas un cumulo de experiencias adquiridas y llevadas a la pr\u00e1ctica &nbsp; con gran satisfacci\u00f3n, Luciano Ram\u00edrez Gallardo dirigente de la Asociaci\u00f3n de Atletismo de Nuevo Le\u00f3n, A.C., despu\u00e9s de 26 a\u00f1os concluye su periodo al frente de una de las organizaciones deportivas m\u00e1s s\u00f3lidas en el estado.<\/p>\n\n\n\n<p>\u201cYo me inicie dentro del atletismo\u00a0 por salud,\u00a0 ya que en 1978, dos a\u00f1os despu\u00e9s de casado sub\u00ed demasiado de peso y empec\u00e9 como trotador cuando estaban por terminar la unidad deportiva del CEDEREGE de ciudad Guadalupe\u201d, coment\u00f3 el hasta el pasado 26 de mayo Presidente de la AANLAC.<\/p>\n\n\n\n<figure class=\"wp-block-image size-full\"><img loading=\"lazy\" decoding=\"async\" width=\"960\" height=\"638\" src=\"http:\/\/diariodigitalmx.com\/wp-content\/uploads\/2022\/05\/carro.jpg\" alt=\"\" class=\"wp-image-77154\" srcset=\"https:\/\/diariodigitalmx.com\/wp-content\/uploads\/2022\/05\/carro.jpg 960w, https:\/\/diariodigitalmx.com\/wp-content\/uploads\/2022\/05\/carro-300x199.jpg 300w, https:\/\/diariodigitalmx.com\/wp-content\/uploads\/2022\/05\/carro-768x510.jpg 768w\" sizes=\"(max-width: 960px) 100vw, 960px\" \/><\/figure>\n\n\n\n<p>Posteriormente a&nbsp; iniciativa de Marcial T\u00e9llez, quien tambi\u00e9n fungiera como dirigente del atletismo estatal, Luciano Ram\u00edrez fundaron el Club de Corredores Atenas de ciudad Guadalupe, del cual fue presidente y que&nbsp; hasta la fecha lo sigue apoyando en sus necesidades b\u00e1sicas. Este club ha tenido presencia en los eventos de pista y campo y en las carreras pedestres.<\/p>\n\n\n\n<p>\u201cDe 1985 a 1992 este club (Atenas) organiz\u00f3 una carrera denominada \u201c10K Atenas\u201d, que lleg\u00f3 a contar con una participaci\u00f3n de 2,500 atletas de la Rep\u00fablica Mexicana\u201d, record\u00f3 el \u201cpadrino\u201d Luciano, como tambi\u00e9n lo conocen sus atletas.<\/p>\n\n\n\n<figure class=\"wp-block-image size-full\"><img loading=\"lazy\" decoding=\"async\" width=\"720\" height=\"960\" src=\"http:\/\/diariodigitalmx.com\/wp-content\/uploads\/2022\/05\/iaaff.jpg\" alt=\"\" class=\"wp-image-77156\" srcset=\"https:\/\/diariodigitalmx.com\/wp-content\/uploads\/2022\/05\/iaaff.jpg 720w, https:\/\/diariodigitalmx.com\/wp-content\/uploads\/2022\/05\/iaaff-225x300.jpg 225w\" sizes=\"(max-width: 720px) 100vw, 720px\" \/><\/figure>\n\n\n\n<p>Su integraci\u00f3n a la Asociaci\u00f3n de Atletismo de Nuevo Le\u00f3n, se da entre los a\u00f1os de&nbsp; 1989 a 1995 ocupando el puesto de Tesorero.<\/p>\n\n\n\n<p>Por el gran amor a su deporte y a la propia Asociaci\u00f3n\u00a0 \u00a0 Luciano Ram\u00edrez Gallardo \u00a0 \u00a0 \u00a0 particip\u00f3 en cursos internacionales de capacitaci\u00f3n para validar cursos en carreras de ruta impartido por la AIMS (IAAF), como lo de\u00a0 1987 en Monterrey, N.L Mex impartido por Kevin Lucas, 1988 en San Juan, Puerto Rico. Impartido Wayne Nicoll, 1989 en Phoenix, Arizona E.U.A. Peter Regal, 1995 en M\u00e9xico, D. F. Peter Regal.<\/p>\n\n\n\n<figure class=\"wp-block-image size-large\"><img loading=\"lazy\" decoding=\"async\" width=\"768\" height=\"1024\" src=\"http:\/\/diariodigitalmx.com\/wp-content\/uploads\/2022\/05\/diego-768x1024.jpg\" alt=\"\" class=\"wp-image-77159\" srcset=\"https:\/\/diariodigitalmx.com\/wp-content\/uploads\/2022\/05\/diego-768x1024.jpg 768w, https:\/\/diariodigitalmx.com\/wp-content\/uploads\/2022\/05\/diego-225x300.jpg 225w, https:\/\/diariodigitalmx.com\/wp-content\/uploads\/2022\/05\/diego-1152x1536.jpg 1152w, https:\/\/diariodigitalmx.com\/wp-content\/uploads\/2022\/05\/diego.jpg 1536w\" sizes=\"(max-width: 768px) 100vw, 768px\" \/><\/figure>\n\n\n\n<p>\u201cEn 1996 tuve el honor de ser participe en la validaci\u00f3n de la ruta del marat\u00f3n ol\u00edmpico en Atlanta, E.U.A.\u201d, evoca con satisfacci\u00f3n y agrega: \u201cEh certificado las rutas m\u00e1s importantes del pa\u00eds afiliados a la AIMS como el 21k Nuevo Le\u00f3n, Marat\u00f3n del Pacifico, Marat\u00f3n y Medio Marat\u00f3n de Culiac\u00e1n, Marat\u00f3n de Puebla, Marat\u00f3n de LALA, Marat\u00f3n Powerade, Marat\u00f3n de Guadalajara, Marat\u00f3n Tangamanga, Marat\u00f3n Corona-Quer\u00e9taro, Marat\u00f3n Internacional Canal de Panam\u00e1 Medio marat\u00f3n Gatorade-Panam\u00e1 y la Copa Mundial de Caminata efectuada en 1992 en Mty, N.L. (en conjunto con Wayne Nicoll) medio marat\u00f3n y marat\u00f3n de Culiac\u00e1n, 21k Coahuila, 21k Zapopan, 21k y Marat\u00f3n Tijuana, marat\u00f3n Gobernador en Mexicali BC\u201d<\/p>\n\n\n\n<p>Dentro de sus logros personales, figuran&nbsp; el del 2003 cuando la Asociaci\u00f3n de Federaciones Internacionales y la AIMS, le otorga el Carnet Grado B; mismo que lo autoriza para validar rutas con participaci\u00f3n internacional.&nbsp; Y de 1992 a la fecha ha colaborado con la F.M.A. certificando carreras de ruta en nuestro pa\u00eds.<\/p>\n\n\n\n<p>As\u00ed mismo en noviembre 2012 el Congreso Internacional de la AIMS fue propuesto por la International Measurement Administrators y en el 2013 la AIMS le otorga el Grado A, en el pasado mes de marzo cumpli\u00f3 25 a\u00f1os certificando rutas.<\/p>\n\n\n\n<figure class=\"wp-block-image size-full\"><img loading=\"lazy\" decoding=\"async\" width=\"787\" height=\"521\" src=\"http:\/\/diariodigitalmx.com\/wp-content\/uploads\/2022\/05\/LUCIANO-1.jpg\" alt=\"\" class=\"wp-image-77161\" srcset=\"https:\/\/diariodigitalmx.com\/wp-content\/uploads\/2022\/05\/LUCIANO-1.jpg 787w, https:\/\/diariodigitalmx.com\/wp-content\/uploads\/2022\/05\/LUCIANO-1-300x199.jpg 300w, https:\/\/diariodigitalmx.com\/wp-content\/uploads\/2022\/05\/LUCIANO-1-768x508.jpg 768w\" sizes=\"(max-width: 787px) 100vw, 787px\" \/><\/figure>\n\n\n\n<p>Electo como presidente de la Asociaci\u00f3n de Atletismo de Nuevo Le\u00f3n&nbsp; 1997, el \u201cJefe Luciano\u201d como lo reconocen los miembros de su comit\u00e9 directivo, resalta entre sus logros como dirigente el de haber logrado que en el 2017 el 21k Nuevo Le\u00f3n fuera selectivo al mundial de la especialidad.<\/p>\n\n\n\n<p>\u201cDe 1997 a la fecha fui responsable de: 8 campeonatos Nacionales de 1era Categor\u00eda, 1 campeonato Nacional Infantil, la&nbsp; II Gala Atl\u00e9tica Banamex 2005, 1er Campeonato NACAC sub. \u2013 23 Efectuado en el 2000, 3 Olimpiadas Nacionales y 20 ediciones 21k Nuevo Le\u00f3n\u201d.<\/p>\n\n\n\n<p>\u201cAfortunadamente siempre he contado con mi familia, quien&nbsp; se acostumbr\u00f3 a esto y me apoyo con detalles, pero en fin as\u00ed mi vida\u201d dijo en forma agradecida el ogro, el gru\u00f1\u00f3n, el intransigente Luciano Ram\u00edrez&nbsp; que a muchos refleja con su forma de actuar, pero que camuflajean&nbsp; al hombre que carga un gran humanismo que antepone los intereses de su organizaci\u00f3n y de sus deportistas antes que los propios.<\/p>\n\n\n\n<p>Pero la historia contin\u00faa y hoy la Asociaci\u00f3n de Atletismo de Nuevo Le\u00f3n le da una vuelta a su p\u00e1gina, y despu\u00e9s de un proceso eleccionario limpio cede el paso a Violeta \u00c1vila como la nueva dirigente quien asumi\u00f3 el cargo desde el pasado 26 de mayo.<\/p>\n\n\n\n<p>\u201cQuiero desearle lo mejor al nuevo consejo directivo para que nuestro deporte siga siendo un referente nacional como hasta ahora\u201d, dijo un nost\u00e1lgico&nbsp; Luciano Ram\u00edrez Gallardo al ceder las riendas&nbsp; de lo que ha sido parte su vida, la Asociaci\u00f3n de Atletismo de Nuevo Le\u00f3n.<\/p>\n","protected":false},"excerpt":{"rendered":"<p>-Deja un legado de 26 a\u00f1os al frente de&nbsp; la dirigencia de una de las organizaciones deportivas que m\u00e1s satisfacciones ha dado al deporte no profesional en el estado y de M\u00e9xico teniendo como proyecci\u00f3n internacional su mayor prioridad, cediendo el paso a una nueva joven y entusiasta dirigencia Por: Ra\u00fal E. Guevara Ortiz.- Con [&hellip;]<\/p>\n","protected":false},"author":1,"featured_media":77152,"comment_status":"open","ping_status":"open","sticky":true,"template":"","format":"standard","meta":{"footnotes":""},"categories":[8,14],"tags":[],"_links":{"self":[{"href":"https:\/\/diariodigitalmx.com\/index.php\/wp-json\/wp\/v2\/posts\/77149"}],"collection":[{"href":"https:\/\/diariodigitalmx.com\/index.php\/wp-json\/wp\/v2\/posts"}],"about":[{"href":"https:\/\/diariodigitalmx.com\/index.php\/wp-json\/wp\/v2\/types\/post"}],"author":[{"embeddable":true,"href":"https:\/\/diariodigitalmx.com\/index.php\/wp-json\/wp\/v2\/users\/1"}],"replies":[{"embeddable":true,"href":"https:\/\/diariodigitalmx.com\/index.php\/wp-json\/wp\/v2\/comments?post=77149"}],"version-history":[{"count":6,"href":"https:\/\/diariodigitalmx.com\/index.php\/wp-json\/wp\/v2\/posts\/77149\/revisions"}],"predecessor-version":[{"id":77162,"href":"https:\/\/diariodigitalmx.com\/index.php\/wp-json\/wp\/v2\/posts\/77149\/revisions\/77162"}],"wp:featuredmedia":[{"embeddable":true,"href":"https:\/\/diariodigitalmx.com\/index.php\/wp-json\/wp\/v2\/media\/77152"}],"wp:attachment":[{"href":"https:\/\/diariodigitalmx.com\/index.php\/wp-json\/wp\/v2\/media?parent=77149"}],"wp:term":[{"taxonomy":"category","embeddable":true,"href":"https:\/\/diariodigitalmx.com\/index.php\/wp-json\/wp\/v2\/categories?post=77149"},{"taxonomy":"post_tag","embeddable":true,"href":"https:\/\/diariodigitalmx.com\/index.php\/wp-json\/wp\/v2\/tags?post=77149"}],"curies":[{"name":"wp","href":"https:\/\/api.w.org\/{rel}","templated":true}]}}