{"id":77197,"date":"2022-05-30T16:05:38","date_gmt":"2022-05-30T21:05:38","guid":{"rendered":"http:\/\/diariodigitalmx.com\/?p=77197"},"modified":"2022-05-30T16:28:55","modified_gmt":"2022-05-30T21:28:55","slug":"descubriendo-sorpresas-mexiquillo-parte-1","status":"publish","type":"post","link":"https:\/\/diariodigitalmx.com\/index.php\/2022\/05\/30\/descubriendo-sorpresas-mexiquillo-parte-1\/","title":{"rendered":"Descubriendo sorpresas. Mexiquillo parte 1"},"content":{"rendered":"\n<p>*<strong>Piedras gigantes, tranquilidad y aire puros<\/strong><\/p>\n\n\n\n<p>Daniel Montalvo Herrera<\/p>\n\n\n\n<p>Otra vez me he llevado gratas sorpresas al no planear un itinerario antes de viajar, de repente y de la nada una amiga dice vamos a Mexiquillo, y yo sin pensarlo, sin siquiera saber donde estaba dije que s\u00ed.<\/p>\n\n\n\n<p>Resulta que Mexiquillo es un parque natural ubicando en Pueblo Nuevo, Durango y actualmente es la Reserva Natural m\u00e1s grande de M\u00e9xico, sin duda debe serlo porque en el lugar te encuentras con un mont\u00f3n de sorpresas, todas agradables si eres de los que gustan de paisajes incre\u00edbles.<\/p>\n\n\n\n<p><strong>Primera parada, Laguna Mexiquillo<\/strong><\/p>\n\n\n\n<p>Curiosamente se form\u00f3 no de forma natural, sino que cuando se construy\u00f3 la carretera libre Durango \u2013 Mazatl\u00e1n, de ah\u00ed se sac\u00f3 la piedra para moler y echar asfalto, formando un gran hueco que en \u00e9poca de lluvias se llena y se conserva el agua cristalina; por supuesto las piedras y arboles gigantes le dan un plus incre\u00edble.<\/p>\n\n\n\n<figure class=\"wp-block-image size-full\"><img loading=\"lazy\" decoding=\"async\" width=\"960\" height=\"720\" src=\"http:\/\/diariodigitalmx.com\/wp-content\/uploads\/2022\/05\/IMG-20220530-WA0003.jpg\" alt=\"\" class=\"wp-image-77201\" srcset=\"https:\/\/diariodigitalmx.com\/wp-content\/uploads\/2022\/05\/IMG-20220530-WA0003.jpg 960w, https:\/\/diariodigitalmx.com\/wp-content\/uploads\/2022\/05\/IMG-20220530-WA0003-300x225.jpg 300w, https:\/\/diariodigitalmx.com\/wp-content\/uploads\/2022\/05\/IMG-20220530-WA0003-768x576.jpg 768w\" sizes=\"(max-width: 960px) 100vw, 960px\" \/><\/figure>\n\n\n\n<p><strong>Segunda parada, Cascada Mexiquillo<\/strong><\/p>\n\n\n\n<p>Aqu\u00ed no tuvimos tanta suerte, nos toco verla sin agua, aunque es justo decir que el lugar parec\u00eda hecho a la medida, cada piedra en su lugar, cada \u00e1rbol dando una perfecta sombra, m\u00e1s parec\u00eda un cuadro al \u00f3leo que una cascada.<\/p>\n\n\n\n<figure class=\"wp-block-image size-full\"><img loading=\"lazy\" decoding=\"async\" width=\"308\" height=\"555\" src=\"http:\/\/diariodigitalmx.com\/wp-content\/uploads\/2022\/05\/IMG-20220530-WA0005.jpg\" alt=\"\" class=\"wp-image-77203\" srcset=\"https:\/\/diariodigitalmx.com\/wp-content\/uploads\/2022\/05\/IMG-20220530-WA0005.jpg 308w, https:\/\/diariodigitalmx.com\/wp-content\/uploads\/2022\/05\/IMG-20220530-WA0005-166x300.jpg 166w\" sizes=\"(max-width: 308px) 100vw, 308px\" \/><\/figure>\n\n\n\n<p><strong>Tercera parada, Los t\u00faneles<\/strong><\/p>\n\n\n\n<p>Total sorpresa nos llevamos cuando estando la Cascada nos ofrecieron un tour a los llamados \u201ct\u00faneles abandonados\u201d, 9 t\u00faneles de una amplitud de 5 metros y una altura de 6 metros (para el paso del ferrocarril no construido), construidos a modo de b\u00f3veda de ca\u00f1\u00f3n.<\/p>\n\n\n\n<p>Resulta que fue durante el porfiriato cuando se inicio la obra que promet\u00eda ser de las m\u00e1s importantes, no s\u00f3lo del pa\u00eds, sino de Am\u00e9rica Latina, el ferrocarril Durango-Mazatl\u00e1n, aunque a estas alturas sospechamos que ya no se terminar\u00e1.<\/p>\n\n\n\n<p>Para llegar se requiere un veh\u00edculo todo terreno y de preferencia un experimentado conductor que conozca bien los caminos, mientras llegamos los paisajes maravillosos y sobre todo diferentes se abr\u00edan paso ante nuestros ojos.<\/p>\n\n\n\n<figure class=\"wp-block-image size-large is-resized\"><img loading=\"lazy\" decoding=\"async\" src=\"http:\/\/diariodigitalmx.com\/wp-content\/uploads\/2022\/05\/IMG-20220530-WA0006-768x1024.jpg\" alt=\"\" class=\"wp-image-77205\" width=\"429\" height=\"572\" srcset=\"https:\/\/diariodigitalmx.com\/wp-content\/uploads\/2022\/05\/IMG-20220530-WA0006-768x1024.jpg 768w, https:\/\/diariodigitalmx.com\/wp-content\/uploads\/2022\/05\/IMG-20220530-WA0006-225x300.jpg 225w, https:\/\/diariodigitalmx.com\/wp-content\/uploads\/2022\/05\/IMG-20220530-WA0006.jpg 960w\" sizes=\"(max-width: 429px) 100vw, 429px\" \/><\/figure>\n\n\n\n<figure class=\"wp-block-image size-large\"><img loading=\"lazy\" decoding=\"async\" width=\"1024\" height=\"768\" src=\"http:\/\/diariodigitalmx.com\/wp-content\/uploads\/2022\/05\/IMG-20220530-WA0004-1024x768.jpg\" alt=\"\" class=\"wp-image-77207\" srcset=\"https:\/\/diariodigitalmx.com\/wp-content\/uploads\/2022\/05\/IMG-20220530-WA0004-1024x768.jpg 1024w, https:\/\/diariodigitalmx.com\/wp-content\/uploads\/2022\/05\/IMG-20220530-WA0004-300x225.jpg 300w, https:\/\/diariodigitalmx.com\/wp-content\/uploads\/2022\/05\/IMG-20220530-WA0004-768x576.jpg 768w, https:\/\/diariodigitalmx.com\/wp-content\/uploads\/2022\/05\/IMG-20220530-WA0004.jpg 1280w\" sizes=\"(max-width: 1024px) 100vw, 1024px\" \/><\/figure>\n\n\n\n<p><strong>Cuarta parada. Jard\u00edn de piedras<\/strong><\/p>\n\n\n\n<p>Para aquellos que pueden cuestionar que podr\u00eda tener de maravilloso un jard\u00edn de piedras, la respuesta es muy sencilla, en el jard\u00edn encontrar\u00e1s una formaci\u00f3n rocosa de lava petrificada, cuyas piedras llegan a superar los 8 metros de altura.<\/p>\n\n\n\n<p>Apenas llegamos pregunte cual era la m\u00e1s alta para subir y tomarme la foto, pero para subir requieres de mucha elasticidad y fuerza, pues debes brincar de la segunda piedra m\u00e1s grande y lograr trepar, y como no poseo ninguna de esas dos cualidades, les dejo una foto de la segunda.<\/p>\n\n\n\n<p>Si te sit\u00faas justo en medio del jard\u00edn parece que estas dando un paseo por otro planeta o por lo menos en un estudio de cine; es perfecto para disfrutar una puesta de sol, de hecho el lugar es utilizado como escenario para sesiones fotogr\u00e1ficas.<\/p>\n\n\n\n<figure class=\"wp-block-image size-large\"><img loading=\"lazy\" decoding=\"async\" width=\"1024\" height=\"768\" src=\"http:\/\/diariodigitalmx.com\/wp-content\/uploads\/2022\/05\/IMG-20220530-WA0007-1-1024x768.jpg\" alt=\"\" class=\"wp-image-77209\" srcset=\"https:\/\/diariodigitalmx.com\/wp-content\/uploads\/2022\/05\/IMG-20220530-WA0007-1-1024x768.jpg 1024w, https:\/\/diariodigitalmx.com\/wp-content\/uploads\/2022\/05\/IMG-20220530-WA0007-1-300x225.jpg 300w, https:\/\/diariodigitalmx.com\/wp-content\/uploads\/2022\/05\/IMG-20220530-WA0007-1-768x576.jpg 768w, https:\/\/diariodigitalmx.com\/wp-content\/uploads\/2022\/05\/IMG-20220530-WA0007-1.jpg 1280w\" sizes=\"(max-width: 1024px) 100vw, 1024px\" \/><\/figure>\n\n\n\n<p>Continuar\u00e1\u2026\u2026.<\/p>\n\n\n\n<p>\u00a1FALTA MUCHO, PERO MUCHO M\u00c1S!!!!!<\/p>\n\n\n\n<p><strong><em>Un pa\u00eds tan diverso y multicultural como M\u00e9xico, para una vida resulta sin fin.<\/em><\/strong><\/p>\n\n\n\n<p><strong><em>Vis\u00edtanos en M\u00e9xico Sin Fin en Facebook:&nbsp; <\/em><\/strong><a href=\"https:\/\/www.facebook.com\/mexxicosinfin\"><strong><em>https:\/\/www.facebook.com\/mexxicosinfin<\/em><\/strong><\/a><\/p>\n\n\n\n<p><strong><em>WhatsApp: 8111706390<\/em><\/strong><\/p>\n","protected":false},"excerpt":{"rendered":"<p>*Piedras gigantes, tranquilidad y aire puros Daniel Montalvo Herrera Otra vez me he llevado gratas sorpresas al no planear un itinerario antes de viajar, de repente y de la nada una amiga dice vamos a Mexiquillo, y yo sin pensarlo, sin siquiera saber donde estaba dije que s\u00ed. Resulta que Mexiquillo es un parque natural [&hellip;]<\/p>\n","protected":false},"author":1,"featured_media":77211,"comment_status":"open","ping_status":"open","sticky":true,"template":"","format":"standard","meta":{"footnotes":""},"categories":[3,17],"tags":[],"_links":{"self":[{"href":"https:\/\/diariodigitalmx.com\/index.php\/wp-json\/wp\/v2\/posts\/77197"}],"collection":[{"href":"https:\/\/diariodigitalmx.com\/index.php\/wp-json\/wp\/v2\/posts"}],"about":[{"href":"https:\/\/diariodigitalmx.com\/index.php\/wp-json\/wp\/v2\/types\/post"}],"author":[{"embeddable":true,"href":"https:\/\/diariodigitalmx.com\/index.php\/wp-json\/wp\/v2\/users\/1"}],"replies":[{"embeddable":true,"href":"https:\/\/diariodigitalmx.com\/index.php\/wp-json\/wp\/v2\/comments?post=77197"}],"version-history":[{"count":7,"href":"https:\/\/diariodigitalmx.com\/index.php\/wp-json\/wp\/v2\/posts\/77197\/revisions"}],"predecessor-version":[{"id":77210,"href":"https:\/\/diariodigitalmx.com\/index.php\/wp-json\/wp\/v2\/posts\/77197\/revisions\/77210"}],"wp:featuredmedia":[{"embeddable":true,"href":"https:\/\/diariodigitalmx.com\/index.php\/wp-json\/wp\/v2\/media\/77211"}],"wp:attachment":[{"href":"https:\/\/diariodigitalmx.com\/index.php\/wp-json\/wp\/v2\/media?parent=77197"}],"wp:term":[{"taxonomy":"category","embeddable":true,"href":"https:\/\/diariodigitalmx.com\/index.php\/wp-json\/wp\/v2\/categories?post=77197"},{"taxonomy":"post_tag","embeddable":true,"href":"https:\/\/diariodigitalmx.com\/index.php\/wp-json\/wp\/v2\/tags?post=77197"}],"curies":[{"name":"wp","href":"https:\/\/api.w.org\/{rel}","templated":true}]}}