{"id":77271,"date":"2022-05-31T08:57:16","date_gmt":"2022-05-31T13:57:16","guid":{"rendered":"http:\/\/diariodigitalmx.com\/?p=77271"},"modified":"2022-05-31T09:01:37","modified_gmt":"2022-05-31T14:01:37","slug":"grabara-elvis-javier-nuevo-material-musical-en-vivo","status":"publish","type":"post","link":"https:\/\/diariodigitalmx.com\/index.php\/2022\/05\/31\/grabara-elvis-javier-nuevo-material-musical-en-vivo\/","title":{"rendered":"Grabar\u00e1 Elvis Javier nuevo material musical en vivo"},"content":{"rendered":"\n<p>Por Rogelio Romero<\/p>\n\n\n\n<p>McAllen, Texas.- Elvis Javier y su Grupo Norte\u00f1o grabaran con p\u00fablico en vivo, su nuevo material&nbsp; musical este pr\u00f3ximo s\u00e1bado 4 de junio.<\/p>\n\n\n\n<p>\u201cEstamos invitando a amigos, conocidos as\u00ed como p\u00fablico en general para que nos&nbsp; acompa\u00f1en en la Caba\u00f1a Sinaloense, este pr\u00f3ximo s\u00e1bado a partir de las 5:30 PM, cuando iniciemos la grabaci\u00f3n en vivo de nuestros nuevos temas\u201d se\u00f1al\u00f3 el joven cantautor.<\/p>\n\n\n\n<p>Las grabaciones de los nuevos temas durar\u00e1n alrededor de 3 horas, despu\u00e9s tomar\u00e1n un descanso para retornar m\u00e1s noche al escenario e interpretar todo su repertorio musical.<\/p>\n\n\n\n<p>Entre los temas de la agrupaci\u00f3n norte\u00f1a que se han vuelto virales en las diferentes plataformas digitales se encuentran; La Mitad del Mundo, No hay marcha atr\u00e1s, Para Sobrevivir, El Ayudante y Cuando Te Conoc\u00ed.<\/p>\n\n\n\n<p>Los conocedores de m\u00fasica han llamado a Elvis y su Grupo Norte\u00f1o, como la nueva revelaci\u00f3n dentro de este tradicional g\u00e9nero musical.<\/p>\n\n\n\n<p>La agrupaci\u00f3n comienza abrirse paso entre el p\u00fablico del Sur de Texas y Norte de la Rep\u00fablica Mexicana, esto con un estilo de interpretaci\u00f3n original y fresco que agrada a quienes los escuchan.<\/p>\n\n\n\n<p>La cita con sus fans y p\u00fablico ser\u00e1 en la Caba\u00f1a Sinaloense ubicada en el 4300 Col. Rowe Boulevard en McAllen.<\/p>\n","protected":false},"excerpt":{"rendered":"<p>Por Rogelio Romero McAllen, Texas.- Elvis Javier y su Grupo Norte\u00f1o grabaran con p\u00fablico en vivo, su nuevo material&nbsp; musical este pr\u00f3ximo s\u00e1bado 4 de junio. \u201cEstamos invitando a amigos, conocidos as\u00ed como p\u00fablico en general para que nos&nbsp; acompa\u00f1en en la Caba\u00f1a Sinaloense, este pr\u00f3ximo s\u00e1bado a partir de las 5:30 PM, cuando iniciemos [&hellip;]<\/p>\n","protected":false},"author":1,"featured_media":77274,"comment_status":"open","ping_status":"open","sticky":true,"template":"","format":"standard","meta":{"footnotes":""},"categories":[14,9],"tags":[],"_links":{"self":[{"href":"https:\/\/diariodigitalmx.com\/index.php\/wp-json\/wp\/v2\/posts\/77271"}],"collection":[{"href":"https:\/\/diariodigitalmx.com\/index.php\/wp-json\/wp\/v2\/posts"}],"about":[{"href":"https:\/\/diariodigitalmx.com\/index.php\/wp-json\/wp\/v2\/types\/post"}],"author":[{"embeddable":true,"href":"https:\/\/diariodigitalmx.com\/index.php\/wp-json\/wp\/v2\/users\/1"}],"replies":[{"embeddable":true,"href":"https:\/\/diariodigitalmx.com\/index.php\/wp-json\/wp\/v2\/comments?post=77271"}],"version-history":[{"count":1,"href":"https:\/\/diariodigitalmx.com\/index.php\/wp-json\/wp\/v2\/posts\/77271\/revisions"}],"predecessor-version":[{"id":77272,"href":"https:\/\/diariodigitalmx.com\/index.php\/wp-json\/wp\/v2\/posts\/77271\/revisions\/77272"}],"wp:featuredmedia":[{"embeddable":true,"href":"https:\/\/diariodigitalmx.com\/index.php\/wp-json\/wp\/v2\/media\/77274"}],"wp:attachment":[{"href":"https:\/\/diariodigitalmx.com\/index.php\/wp-json\/wp\/v2\/media?parent=77271"}],"wp:term":[{"taxonomy":"category","embeddable":true,"href":"https:\/\/diariodigitalmx.com\/index.php\/wp-json\/wp\/v2\/categories?post=77271"},{"taxonomy":"post_tag","embeddable":true,"href":"https:\/\/diariodigitalmx.com\/index.php\/wp-json\/wp\/v2\/tags?post=77271"}],"curies":[{"name":"wp","href":"https:\/\/api.w.org\/{rel}","templated":true}]}}