{"id":77283,"date":"2022-05-31T12:47:00","date_gmt":"2022-05-31T17:47:00","guid":{"rendered":"http:\/\/diariodigitalmx.com\/?p=77283"},"modified":"2022-05-31T12:48:37","modified_gmt":"2022-05-31T17:48:37","slug":"asi-va-el-conflicto-de-poderes-en-nl-panistas-con-camisetas-de-yo-no-me-vendo","status":"publish","type":"post","link":"https:\/\/diariodigitalmx.com\/index.php\/2022\/05\/31\/asi-va-el-conflicto-de-poderes-en-nl-panistas-con-camisetas-de-yo-no-me-vendo\/","title":{"rendered":"As\u00ed va el conflicto de Poderes en NL; panistas con camisetas de &#8220;Yo no me vendo&#8221;"},"content":{"rendered":"\n<p>Monterrey- &#8220;Yo no me vendo&#8221;, lucieron los diputados de Acci\u00f3n Nacional en una camiseta azul al acudir a la sesi\u00f3n del Congreso Local.<\/p>\n\n\n\n<p>&#8220;Mis valores no tienen precio&#8221;, era el mensaje al frente de la camiseta, y &#8220;yo no me vendo&#8221;, por la espalda.<\/p>\n\n\n\n<figure class=\"wp-block-image size-large\"><img loading=\"lazy\" decoding=\"async\" width=\"1024\" height=\"768\" src=\"http:\/\/diariodigitalmx.com\/wp-content\/uploads\/2022\/05\/IMG-20220531-WA0006-1024x768.jpg\" alt=\"\" class=\"wp-image-77286\" srcset=\"https:\/\/diariodigitalmx.com\/wp-content\/uploads\/2022\/05\/IMG-20220531-WA0006-1024x768.jpg 1024w, https:\/\/diariodigitalmx.com\/wp-content\/uploads\/2022\/05\/IMG-20220531-WA0006-300x225.jpg 300w, https:\/\/diariodigitalmx.com\/wp-content\/uploads\/2022\/05\/IMG-20220531-WA0006-768x576.jpg 768w, https:\/\/diariodigitalmx.com\/wp-content\/uploads\/2022\/05\/IMG-20220531-WA0006-1536x1152.jpg 1536w, https:\/\/diariodigitalmx.com\/wp-content\/uploads\/2022\/05\/IMG-20220531-WA0006.jpg 1600w\" sizes=\"(max-width: 1024px) 100vw, 1024px\" \/><\/figure>\n\n\n\n<p>De esta manera sigui\u00f3 la confrontaci\u00f3n con el gobernador Samuel Garc\u00eda, que le quit\u00f3 para Movimiento Ciudadano un legislador y al menos dos alcaldes, lo que ha originado que tambi\u00e9n el PRI proteste y se una al conflicto, tras que les quitaron tambi\u00e9n un diputado y ediles.<\/p>\n\n\n\n<p>El gobernador les advirti\u00f3 que seguir\u00e1 llevandose diputados de otras bancadas para MC, si priistas y panistas insisten en sacar adelante reformas para quitarle facultades de investigaci\u00f3n y para operar el SAT local.<\/p>\n\n\n\n<p>Los diputados estuvieron adem\u00e1s del Pleno, en la ceremonia para la firma del Convenio de Parlamento Abierto para Nuevo Le\u00f3n, celebrada en el recinto.<\/p>\n\n\n\n<p>El problema entre los Poderes Legislativo y Ejecutivo contin\u00faa luego de que los priistas tambi\u00e9n cerraron filas en torno a su partido.<\/p>\n","protected":false},"excerpt":{"rendered":"<p>Monterrey- &#8220;Yo no me vendo&#8221;, lucieron los diputados de Acci\u00f3n Nacional en una camiseta azul al acudir a la sesi\u00f3n del Congreso Local. &#8220;Mis valores no tienen precio&#8221;, era el mensaje al frente de la camiseta, y &#8220;yo no me vendo&#8221;, por la espalda. De esta manera sigui\u00f3 la confrontaci\u00f3n con el gobernador Samuel Garc\u00eda, [&hellip;]<\/p>\n","protected":false},"author":1,"featured_media":77285,"comment_status":"open","ping_status":"open","sticky":true,"template":"","format":"standard","meta":{"footnotes":""},"categories":[6,3],"tags":[],"_links":{"self":[{"href":"https:\/\/diariodigitalmx.com\/index.php\/wp-json\/wp\/v2\/posts\/77283"}],"collection":[{"href":"https:\/\/diariodigitalmx.com\/index.php\/wp-json\/wp\/v2\/posts"}],"about":[{"href":"https:\/\/diariodigitalmx.com\/index.php\/wp-json\/wp\/v2\/types\/post"}],"author":[{"embeddable":true,"href":"https:\/\/diariodigitalmx.com\/index.php\/wp-json\/wp\/v2\/users\/1"}],"replies":[{"embeddable":true,"href":"https:\/\/diariodigitalmx.com\/index.php\/wp-json\/wp\/v2\/comments?post=77283"}],"version-history":[{"count":2,"href":"https:\/\/diariodigitalmx.com\/index.php\/wp-json\/wp\/v2\/posts\/77283\/revisions"}],"predecessor-version":[{"id":77287,"href":"https:\/\/diariodigitalmx.com\/index.php\/wp-json\/wp\/v2\/posts\/77283\/revisions\/77287"}],"wp:featuredmedia":[{"embeddable":true,"href":"https:\/\/diariodigitalmx.com\/index.php\/wp-json\/wp\/v2\/media\/77285"}],"wp:attachment":[{"href":"https:\/\/diariodigitalmx.com\/index.php\/wp-json\/wp\/v2\/media?parent=77283"}],"wp:term":[{"taxonomy":"category","embeddable":true,"href":"https:\/\/diariodigitalmx.com\/index.php\/wp-json\/wp\/v2\/categories?post=77283"},{"taxonomy":"post_tag","embeddable":true,"href":"https:\/\/diariodigitalmx.com\/index.php\/wp-json\/wp\/v2\/tags?post=77283"}],"curies":[{"name":"wp","href":"https:\/\/api.w.org\/{rel}","templated":true}]}}