{"id":77301,"date":"2022-05-31T17:16:39","date_gmt":"2022-05-31T22:16:39","guid":{"rendered":"http:\/\/diariodigitalmx.com\/?p=77301"},"modified":"2022-05-31T17:19:50","modified_gmt":"2022-05-31T22:19:50","slug":"amenazan-taxistas-con-mega-protesta-en-contra-de-hernan-villarreal-secretario-de-movilidad-en-nuevo-leon","status":"publish","type":"post","link":"https:\/\/diariodigitalmx.com\/index.php\/2022\/05\/31\/amenazan-taxistas-con-mega-protesta-en-contra-de-hernan-villarreal-secretario-de-movilidad-en-nuevo-leon\/","title":{"rendered":"Amenazan taxistas con mega protesta en contra de Hern\u00e1n Villarreal, Secretario de Movilidad en Nuevo Le\u00f3n"},"content":{"rendered":"\n<p>*M\u00e1s de mil manifestantes se preparan para externar su rechazo al funcionario por favorecer a las plataformas de aplicaci\u00f3n extranjeras<\/p>\n\n\n\n<p>*Adem\u00e1s exigiran frenar la persecuci\u00f3n del Instituto de Movilidad y ajustes a las tarifas del taxi<\/p>\n\n\n\n<p>*En la protesta participar\u00e1n diversas organizaciones defensoras de los trabajadores del volante del Estado<\/p>\n\n\n\n<p>Redacci\u00f3n \/ Blog Tinta en la Sangre<\/p>\n\n\n\n<p>M\u00e1s de mil taxistas se preparan para realizar una mega manifestaci\u00f3n de protesta en contra del Secretario de Movilidad en Nuevo Le\u00f3n, Hern\u00e1n Villarreal Mart\u00ednez por favorecer a las plataformas digitales de transporte privado Uber y Didi, adem\u00e1s de tolerar la persecuci\u00f3n que sufren los choferes de taxis tradicionales. Exigiran tambi\u00e9n un ajuste en las tarifas y modificaciones a la Ley del Transporte.<\/p>\n\n\n\n<p>&#8220;El motivo de la manifestaci\u00f3n es luchar por los aut\u00e9nticos trabajadores del autotransporte, que todav\u00eda sufrimos la persecuci\u00f3n de Movilidad, no nos dejan trabajar en paz y el aumento a las tarifas del taxi que no se nos ha dado y como es posible que el se\u00f1or este, Hernan Villarreal, haga compromisos con Uber y Didi, cuando son empresas extranjeras, como es posible que vean m\u00e1s por los extranjeros que por los mexicanos, por eso estamos como estamos por estos gobiernos nefastos&#8221;, expres\u00f3 Osvaldo Serna Serv\u00edn, l\u00edder de la Federaci\u00f3n de Sindicatos del Transporte de la CROC de Nuevo Le\u00f3n.<\/p>\n\n\n\n<figure class=\"wp-block-image size-large\"><img loading=\"lazy\" decoding=\"async\" width=\"1024\" height=\"769\" src=\"http:\/\/diariodigitalmx.com\/wp-content\/uploads\/2022\/05\/IMG-20220531-WA0019-1024x769.jpg\" alt=\"\" class=\"wp-image-77304\" srcset=\"https:\/\/diariodigitalmx.com\/wp-content\/uploads\/2022\/05\/IMG-20220531-WA0019-1024x769.jpg 1024w, https:\/\/diariodigitalmx.com\/wp-content\/uploads\/2022\/05\/IMG-20220531-WA0019-300x225.jpg 300w, https:\/\/diariodigitalmx.com\/wp-content\/uploads\/2022\/05\/IMG-20220531-WA0019-768x576.jpg 768w, https:\/\/diariodigitalmx.com\/wp-content\/uploads\/2022\/05\/IMG-20220531-WA0019-1536x1153.jpg 1536w, https:\/\/diariodigitalmx.com\/wp-content\/uploads\/2022\/05\/IMG-20220531-WA0019.jpg 1600w\" sizes=\"(max-width: 1024px) 100vw, 1024px\" \/><\/figure>\n\n\n\n<p>En d\u00edas pasados el funcionario estatal particip\u00f3 en una reuni\u00f3n con altos directivos de las empresas transnacionales, en la que el gobierno del estado acord\u00f3 con est\u00e1s programas de seguridad y les autorizo el uso de camionetas colectivas que dar\u00edan servicio hasta a 25 pasajeros.<\/p>\n\n\n\n<figure class=\"wp-block-image size-large\"><img loading=\"lazy\" decoding=\"async\" width=\"1024\" height=\"769\" src=\"http:\/\/diariodigitalmx.com\/wp-content\/uploads\/2022\/05\/IMG-20220531-WA0020-1024x769.jpg\" alt=\"\" class=\"wp-image-77306\" srcset=\"https:\/\/diariodigitalmx.com\/wp-content\/uploads\/2022\/05\/IMG-20220531-WA0020-1024x769.jpg 1024w, https:\/\/diariodigitalmx.com\/wp-content\/uploads\/2022\/05\/IMG-20220531-WA0020-300x225.jpg 300w, https:\/\/diariodigitalmx.com\/wp-content\/uploads\/2022\/05\/IMG-20220531-WA0020-768x576.jpg 768w, https:\/\/diariodigitalmx.com\/wp-content\/uploads\/2022\/05\/IMG-20220531-WA0020-1536x1153.jpg 1536w, https:\/\/diariodigitalmx.com\/wp-content\/uploads\/2022\/05\/IMG-20220531-WA0020.jpg 1600w\" sizes=\"(max-width: 1024px) 100vw, 1024px\" \/><\/figure>\n\n\n\n<p>&#8220;Creo que lo que dice Osvaldo (Serna Serv\u00edn) es cierto, el Instituto de Movilidad y Hern\u00e1n (Villarreal Mart\u00ednez) promociona en sus funciones plataformas extranjeras, que compiten ilegalmente con el taxista, en vez de promocionar al taxi concesionado, es decir, el Instituto de Movilidad nos regula y por qu\u00e9 promociona a este tipo de plataformas. Yo creo que ya es justo que la Secretaria de Movilidad de Hern\u00e1n Villarreal tome cartas en el asunto y que nos de el lugar que nosotros merecemos&#8221;, afirm\u00f3 por su parte Arturo Rodr\u00edguez &#8220;El Zorro&#8221; Coordinador del Movimiento Nacional Taxista en Nuevo Le\u00f3n.<\/p>\n\n\n\n<p>El acercamiento del Gobierno del Estado con con este tipo de plataformas extranjeras, obedece, dijo, a intereses econ\u00f3micos, pero adem\u00e1s fomenta la competencia desleal en perjuicio del taxismo convencional.<\/p>\n\n\n\n<p>&#8220;Yo creo que lo que est\u00e1n haciendo promoviendo est\u00e1s platafrmas tiene un inter\u00e9s econ\u00f3mico, cabe recordar que Uber ahorita tiene perdidas millonarias y ahora est\u00e1 volteando los ojos para agregar a los taxistas, siendo que para ellos \u00e9ramos los apestosos, \u00e9ramos los que d\u00e1bamos mal servicio y ahora est\u00e1 volteando los ojos porque, est\u00e1 perdiendo calidad y confianza&#8221;, se\u00f1al\u00f3 Rodr\u00edguez.<\/p>\n\n\n\n<figure class=\"wp-block-image size-full\"><img loading=\"lazy\" decoding=\"async\" width=\"360\" height=\"222\" src=\"http:\/\/diariodigitalmx.com\/wp-content\/uploads\/2022\/05\/IMG-20220531-WA0017.jpg\" alt=\"\" class=\"wp-image-77309\" srcset=\"https:\/\/diariodigitalmx.com\/wp-content\/uploads\/2022\/05\/IMG-20220531-WA0017.jpg 360w, https:\/\/diariodigitalmx.com\/wp-content\/uploads\/2022\/05\/IMG-20220531-WA0017-300x185.jpg 300w\" sizes=\"(max-width: 360px) 100vw, 360px\" \/><\/figure>\n\n\n\n<p>En entrevista conjunta, Serna Serv\u00edn que durante la manifestaci\u00f3n que se est\u00e1 gestando para realizarse esta semana, se haga una auditor\u00eda al manejo de los recursos de la Tarjeta Feria y se har\u00e1 un pronunciamiento en contra del incremento a la tarifa del Metro.<\/p>\n\n\n\n<p>&#8220;Ya estamos cansados los taxistas, no queremos usar la violencia, pero por lo pronto vamos ir a la Torre Administrativa, hacer un plant\u00f3n con m\u00e1s de mil taxistas y no nos vamos a mover hasta que no nos den soluciones&#8221;, advirti\u00f3 el tambi\u00e9n presidente de la Federaci\u00f3n de Asociaciones Vecinales &#8220;Teresa Serv\u00edn L\u00f3pez.<\/p>\n\n\n\n<p>A la mega protesta se sumar\u00e1n: la Organizaci\u00f3n Sindical &#8220;Emiliano Zapata&#8221;, Taxis &#8220;Tabachines&#8221; agrupaci\u00f3n adherida a la Confederaci\u00f3n de Trabajadores Unidos, &#8220;Taxis Arriaga&#8221;, grupo dirigido por Pablo Arriaga Guti\u00e9rrez y est\u00e1 considerada la presencia del ex cetemista Oswaldo T\u00e9llez Moys, l\u00edder de Taxis Libertad y Fernando Flores Dom\u00ednguez Secretario General de la Uni\u00f3n de Taxis Seguros entre otros dirigentes.<\/p>\n","protected":false},"excerpt":{"rendered":"<p>*M\u00e1s de mil manifestantes se preparan para externar su rechazo al funcionario por favorecer a las plataformas de aplicaci\u00f3n extranjeras *Adem\u00e1s exigiran frenar la persecuci\u00f3n del Instituto de Movilidad y ajustes a las tarifas del taxi *En la protesta participar\u00e1n diversas organizaciones defensoras de los trabajadores del volante del Estado Redacci\u00f3n \/ Blog Tinta en [&hellip;]<\/p>\n","protected":false},"author":1,"featured_media":77303,"comment_status":"open","ping_status":"open","sticky":true,"template":"","format":"standard","meta":{"footnotes":""},"categories":[6,5],"tags":[],"_links":{"self":[{"href":"https:\/\/diariodigitalmx.com\/index.php\/wp-json\/wp\/v2\/posts\/77301"}],"collection":[{"href":"https:\/\/diariodigitalmx.com\/index.php\/wp-json\/wp\/v2\/posts"}],"about":[{"href":"https:\/\/diariodigitalmx.com\/index.php\/wp-json\/wp\/v2\/types\/post"}],"author":[{"embeddable":true,"href":"https:\/\/diariodigitalmx.com\/index.php\/wp-json\/wp\/v2\/users\/1"}],"replies":[{"embeddable":true,"href":"https:\/\/diariodigitalmx.com\/index.php\/wp-json\/wp\/v2\/comments?post=77301"}],"version-history":[{"count":4,"href":"https:\/\/diariodigitalmx.com\/index.php\/wp-json\/wp\/v2\/posts\/77301\/revisions"}],"predecessor-version":[{"id":77310,"href":"https:\/\/diariodigitalmx.com\/index.php\/wp-json\/wp\/v2\/posts\/77301\/revisions\/77310"}],"wp:featuredmedia":[{"embeddable":true,"href":"https:\/\/diariodigitalmx.com\/index.php\/wp-json\/wp\/v2\/media\/77303"}],"wp:attachment":[{"href":"https:\/\/diariodigitalmx.com\/index.php\/wp-json\/wp\/v2\/media?parent=77301"}],"wp:term":[{"taxonomy":"category","embeddable":true,"href":"https:\/\/diariodigitalmx.com\/index.php\/wp-json\/wp\/v2\/categories?post=77301"},{"taxonomy":"post_tag","embeddable":true,"href":"https:\/\/diariodigitalmx.com\/index.php\/wp-json\/wp\/v2\/tags?post=77301"}],"curies":[{"name":"wp","href":"https:\/\/api.w.org\/{rel}","templated":true}]}}