{"id":77350,"date":"2022-06-01T06:32:13","date_gmt":"2022-06-01T11:32:13","guid":{"rendered":"http:\/\/diariodigitalmx.com\/?p=77350"},"modified":"2022-06-01T06:33:45","modified_gmt":"2022-06-01T11:33:45","slug":"miles-de-tamaulipecos-radicados-en-texas-podran-votar","status":"publish","type":"post","link":"https:\/\/diariodigitalmx.com\/index.php\/2022\/06\/01\/miles-de-tamaulipecos-radicados-en-texas-podran-votar\/","title":{"rendered":"Miles de tamaulipecos radicados en\u00a0 Texas podr\u00e1n votar"},"content":{"rendered":"\n<p>Por Rogelio Romero<\/p>\n\n\n\n<p>Reynosa, Tamaulipas.- De acuerdo a cifras del Instituto Electoral de Tamaulipas (IETAM), unos 60 mil tamaulipecos que radican en Texas, podr\u00e1n ejercer su derecho al voto en las elecciones a gobernador, que se realizar\u00e1n el pr\u00f3ximo domingo 5 de junio.<\/p>\n\n\n\n<p>Para ello los tamaulipecos que viven en la vecina entidad texana pueden cruzar hacia las ciudades fronterizas tamaulipecas de Nuevo Laredo, Reynosa y Matamoros.<\/p>\n\n\n\n<p>\u201cSe espera una alta participaci\u00f3n electoral el pr\u00f3ximo domingo 5 de junio, algo realmente hist\u00f3rico y ejemplar\u201d, se\u00f1al\u00f3 el diputado local Juan Ovidio Garc\u00eda Garc\u00eda.<\/p>\n\n\n\n<p>Las campa\u00f1as de los partidos pol\u00edticos llegan a su fin este primero&nbsp; de junio, despu\u00e9s de esta fecha la ley electoral no permite a ning\u00fan candidato, funcionario&nbsp; o legislador realizar comentarios sobre el proceso electoral.<\/p>\n\n\n\n<p>\u201cDe hacerlo es obligaci\u00f3n del IETAM imponer sanciones administrativas a quien lo haga\u201d, asegur\u00f3 el legislador guinda,<\/p>\n\n\n\n<p>Por otra parte se\u00f1al\u00f3 que en Reynosa se pudo observar este d\u00eda, la presencia de elementos de la&nbsp; Guardia Nacional, y que ayudar\u00e1n en las medidas para garantizar la seguridad de los ciudadanos durante el desarrollo de las elecciones.<\/p>\n\n\n\n<p>Las encuestas m\u00e1s recientes mostraban una cerrada contienda electoral entre el candidato morenista, Am\u00e9rico Villarreal Anaya, y el panista C\u00e9sar Augusto Ver\u00e1stegui Ostos.<\/p>\n","protected":false},"excerpt":{"rendered":"<p>Por Rogelio Romero Reynosa, Tamaulipas.- De acuerdo a cifras del Instituto Electoral de Tamaulipas (IETAM), unos 60 mil tamaulipecos que radican en Texas, podr\u00e1n ejercer su derecho al voto en las elecciones a gobernador, que se realizar\u00e1n el pr\u00f3ximo domingo 5 de junio. Para ello los tamaulipecos que viven en la vecina entidad texana pueden [&hellip;]<\/p>\n","protected":false},"author":1,"featured_media":77352,"comment_status":"open","ping_status":"open","sticky":true,"template":"","format":"standard","meta":{"footnotes":""},"categories":[3,19],"tags":[],"_links":{"self":[{"href":"https:\/\/diariodigitalmx.com\/index.php\/wp-json\/wp\/v2\/posts\/77350"}],"collection":[{"href":"https:\/\/diariodigitalmx.com\/index.php\/wp-json\/wp\/v2\/posts"}],"about":[{"href":"https:\/\/diariodigitalmx.com\/index.php\/wp-json\/wp\/v2\/types\/post"}],"author":[{"embeddable":true,"href":"https:\/\/diariodigitalmx.com\/index.php\/wp-json\/wp\/v2\/users\/1"}],"replies":[{"embeddable":true,"href":"https:\/\/diariodigitalmx.com\/index.php\/wp-json\/wp\/v2\/comments?post=77350"}],"version-history":[{"count":1,"href":"https:\/\/diariodigitalmx.com\/index.php\/wp-json\/wp\/v2\/posts\/77350\/revisions"}],"predecessor-version":[{"id":77351,"href":"https:\/\/diariodigitalmx.com\/index.php\/wp-json\/wp\/v2\/posts\/77350\/revisions\/77351"}],"wp:featuredmedia":[{"embeddable":true,"href":"https:\/\/diariodigitalmx.com\/index.php\/wp-json\/wp\/v2\/media\/77352"}],"wp:attachment":[{"href":"https:\/\/diariodigitalmx.com\/index.php\/wp-json\/wp\/v2\/media?parent=77350"}],"wp:term":[{"taxonomy":"category","embeddable":true,"href":"https:\/\/diariodigitalmx.com\/index.php\/wp-json\/wp\/v2\/categories?post=77350"},{"taxonomy":"post_tag","embeddable":true,"href":"https:\/\/diariodigitalmx.com\/index.php\/wp-json\/wp\/v2\/tags?post=77350"}],"curies":[{"name":"wp","href":"https:\/\/api.w.org\/{rel}","templated":true}]}}