{"id":77402,"date":"2022-06-01T20:54:23","date_gmt":"2022-06-02T01:54:23","guid":{"rendered":"http:\/\/diariodigitalmx.com\/?p=77402"},"modified":"2022-06-01T20:55:12","modified_gmt":"2022-06-02T01:55:12","slug":"delincuencia-no-respeta-reuniones","status":"publish","type":"post","link":"https:\/\/diariodigitalmx.com\/index.php\/2022\/06\/01\/delincuencia-no-respeta-reuniones\/","title":{"rendered":"Delincuencia no respeta reuniones"},"content":{"rendered":"\n<p>Por Salvador Hern\u00e1ndez <strong><em>LANDEROS<\/em><\/strong><\/p>\n\n\n\n<p>Yo no s\u00e9 si a ustedes tambi\u00e9n, <strong><em>pero a m\u00ed me da mucha rabia.<\/em><\/strong><\/p>\n\n\n\n<p>El pasado domingo el gobierno estatal <strong><em>ajust\u00f3 su estrategia de combate al crimen para incluir \u201creuniones diarias\u201d y evaluaciones entre las autoridades y afectados<\/em><\/strong>.<\/p>\n\n\n\n<p>Sin embargo, tal pareciera que a los delincuentes <strong><em>\u201cles vali\u00f3 queso\u201d<\/em><\/strong> y <strong><em>no los asust\u00f3 el anunci\u00f3 que hizo el gobernador Samuel Garc\u00eda, teniendo a un lado de \u00e9l a Aldo Fasci.<\/em><\/strong><\/p>\n\n\n\n<p><strong><em>Una de dos. O lo integrantes de la delincuencia no vieron en la televisi\u00f3n ese evento o no leyeron peri\u00f3dicos al d\u00eda siguiente. O bien, el \u00e1rea de Comunicaci\u00f3n estatal no hizo su trabajo<\/em><\/strong>.<\/p>\n\n\n\n<p>Al presentar su <strong><em>Plan Integral para Reconstruir la Seguridad<\/em><\/strong>, el joven Samuel dijo que las acciones fueron dise\u00f1adas por 4 grupos de inteligencia y cada uno tendr\u00eda su d\u00eda para reunirse.<\/p>\n\n\n\n<p>As\u00ed quedaron los <strong><em>CUATRO GRUPOS DE INTELIGENCIA<\/em><\/strong><\/p>\n\n\n\n<p><strong><em>1.-<\/em><\/strong> Los lunes se reunir\u00e1n autoridades con representantes empresariales PARA COMBATIR todo tipo de delitos patrimoniales.<\/p>\n\n\n\n<p><strong><em>2.-<\/em><\/strong> Los martes ser\u00e1n atenidos los delitos contra las mujeres y menores de edad, con la participaci\u00f3n de organismos civiles.<\/p>\n\n\n\n<p><strong><em>3.-<\/em><\/strong> Los mi\u00e9rcoles se revisar\u00e1n las acciones ante el crimen organizado<\/p>\n\n\n\n<p><strong><em>4.-<\/em><\/strong> Los jueves se atender\u00e1n los delitos m\u00e1s comunes contra la poblaci\u00f3n.<\/p>\n\n\n\n<p>As\u00ed que ya saben y no se confundan. La estrategia presidencial a nivel federal es <strong><em>\u201cABRAZOS, NO BALAZOS<\/em><\/strong>\u201d, mientras que aqu\u00ed, el estado ser\u00e1 blindado con <strong><em>REUNIONES DIARIAS<\/em><\/strong>.<\/p>\n\n\n\n<p>Con mucha enjundia Garc\u00eda Sep\u00falveda dijo<strong><em>: \u201cTodos los d\u00edas nos vamos a juntar aqu\u00ed en Palacio a las ocho de la ma\u00f1ana\u201d<\/em><\/strong> (sic)<\/p>\n\n\n\n<p>Ya entrado en su rollo, sentenci\u00f3<strong><em>: \u201cLos viernes habr\u00e1 corte de caja\u201d. \u201cAhora si a jalar y bien coordinados, sin excusas\u201d<\/em><\/strong>. \u00bfAcaso esto \u00faltimo no lo hac\u00edan?<\/p>\n\n\n\n<p>Dice una frase proverbial: <strong><em>\u201cEl camino al infierno est\u00e1 empedrado de buenas intenciones\u201d, o lo que es lo mismo, \u201cDe nada sirven los buenos prop\u00f3sitos, si no van acompa\u00f1ados de las obras<\/em><\/strong>\u201d.<\/p>\n\n\n\n<p>Y es que lunes, martes y mi\u00e9rcoles, ocurrieron muchos delitos. <strong><em>Varios ejecutados, atraco al salir de un banco, robos de veh\u00edculos y otros delitos<\/em><\/strong>.<\/p>\n\n\n\n<p>As\u00ed que ya lo saben. La estrategia de <strong><em>\u201cReuniones Diarias\u201d nos permitir\u00e1n vivir sin sobresaltos.<\/em><\/strong> <strong><em>Hay la intenci\u00f3n de acabar con los cr\u00edmenes<\/em><\/strong>, los asaltos, despojo de veh\u00edculos y todas esas desgracias que vivimos a diario.&nbsp;&nbsp;&nbsp;&nbsp;&nbsp;&nbsp;&nbsp;&nbsp;&nbsp;<\/p>\n\n\n\n<p><strong><em>Y ojal\u00e1 que la delincuencia se d\u00e9 por enterada que ya hay una estrategia para blindar el Nuevo Nuevo Le\u00f3n<\/em><\/strong>\u2026. \u00a1Bravo!<\/p>\n\n\n\n<p><a href=\"mailto:chavalolanderos@yahoo.com.mx\">chavalolanderos@yahoo.com.mx<\/a><em><\/em><\/p>\n","protected":false},"excerpt":{"rendered":"<p>Por Salvador Hern\u00e1ndez LANDEROS Yo no s\u00e9 si a ustedes tambi\u00e9n, pero a m\u00ed me da mucha rabia. El pasado domingo el gobierno estatal ajust\u00f3 su estrategia de combate al crimen para incluir \u201creuniones diarias\u201d y evaluaciones entre las autoridades y afectados. Sin embargo, tal pareciera que a los delincuentes \u201cles vali\u00f3 queso\u201d y no [&hellip;]<\/p>\n","protected":false},"author":1,"featured_media":77404,"comment_status":"open","ping_status":"open","sticky":true,"template":"","format":"standard","meta":{"footnotes":""},"categories":[14,12],"tags":[],"_links":{"self":[{"href":"https:\/\/diariodigitalmx.com\/index.php\/wp-json\/wp\/v2\/posts\/77402"}],"collection":[{"href":"https:\/\/diariodigitalmx.com\/index.php\/wp-json\/wp\/v2\/posts"}],"about":[{"href":"https:\/\/diariodigitalmx.com\/index.php\/wp-json\/wp\/v2\/types\/post"}],"author":[{"embeddable":true,"href":"https:\/\/diariodigitalmx.com\/index.php\/wp-json\/wp\/v2\/users\/1"}],"replies":[{"embeddable":true,"href":"https:\/\/diariodigitalmx.com\/index.php\/wp-json\/wp\/v2\/comments?post=77402"}],"version-history":[{"count":1,"href":"https:\/\/diariodigitalmx.com\/index.php\/wp-json\/wp\/v2\/posts\/77402\/revisions"}],"predecessor-version":[{"id":77403,"href":"https:\/\/diariodigitalmx.com\/index.php\/wp-json\/wp\/v2\/posts\/77402\/revisions\/77403"}],"wp:featuredmedia":[{"embeddable":true,"href":"https:\/\/diariodigitalmx.com\/index.php\/wp-json\/wp\/v2\/media\/77404"}],"wp:attachment":[{"href":"https:\/\/diariodigitalmx.com\/index.php\/wp-json\/wp\/v2\/media?parent=77402"}],"wp:term":[{"taxonomy":"category","embeddable":true,"href":"https:\/\/diariodigitalmx.com\/index.php\/wp-json\/wp\/v2\/categories?post=77402"},{"taxonomy":"post_tag","embeddable":true,"href":"https:\/\/diariodigitalmx.com\/index.php\/wp-json\/wp\/v2\/tags?post=77402"}],"curies":[{"name":"wp","href":"https:\/\/api.w.org\/{rel}","templated":true}]}}