{"id":77418,"date":"2022-06-02T09:16:07","date_gmt":"2022-06-02T14:16:07","guid":{"rendered":"http:\/\/diariodigitalmx.com\/?p=77418"},"modified":"2022-06-02T09:18:58","modified_gmt":"2022-06-02T14:18:58","slug":"ensena-a-tu-hijo-a-andar-en-bici-sin-salir-raspado-en-el-intento","status":"publish","type":"post","link":"https:\/\/diariodigitalmx.com\/index.php\/2022\/06\/02\/ensena-a-tu-hijo-a-andar-en-bici-sin-salir-raspado-en-el-intento\/","title":{"rendered":"Ense\u00f1a a tu hijo a andar en bici sin salir raspado en el intento"},"content":{"rendered":"\n<p>CDMX.- Lo que es una realidad, es que tanto para los ni\u00f1os y ni\u00f1as, como para los adultos, andar en bici implica dedicaci\u00f3n, pr\u00e1ctica y muchos, pero muchos raspones.&nbsp;<\/p>\n\n\n\n<p>El 3 de junio se celebra el&nbsp;D\u00eda Mundial de la Bicicleta, y como sabemos lo dif\u00edcil que puede ser para algunos ni\u00f1os aprender a usarla, te compartimos estos tips que reducir\u00e1n la probabilidad de raspones en el intento, as\u00ed como su correcto y oportuno tratamiento.&nbsp;<\/p>\n\n\n\n<p>Con los pies en la tierra<br>Los psic\u00f3logos recomiendan que entre los 3 y 4 a\u00f1os sea el primer acercamiento de tus hijos con una bicicleta para desarrollar correctamente sus habilidades psicomotoras. Claro, esto no quiere decir que le des a tu peque\u00f1o una rodada 20. Lo ideal ser\u00eda que su primera bici sea una sin pedales que le permita moverse \u00fanicamente con los pies. Y con el paso de los a\u00f1os, tal vez dos o tres despu\u00e9s, puedas hacer cambios hasta llegar a una m\u00e1s acorde con su movilidad.<\/p>\n\n\n\n<figure class=\"wp-block-image size-full\"><img loading=\"lazy\" decoding=\"async\" width=\"349\" height=\"261\" src=\"http:\/\/diariodigitalmx.com\/wp-content\/uploads\/2022\/06\/pexels-jessica-lewis-creative-1118413.jpg\" alt=\"\" class=\"wp-image-77423\" srcset=\"https:\/\/diariodigitalmx.com\/wp-content\/uploads\/2022\/06\/pexels-jessica-lewis-creative-1118413.jpg 349w, https:\/\/diariodigitalmx.com\/wp-content\/uploads\/2022\/06\/pexels-jessica-lewis-creative-1118413-300x224.jpg 300w\" sizes=\"(max-width: 349px) 100vw, 349px\" \/><\/figure>\n\n\n\n<p>Objetivo: adi\u00f3s rueditas<br>Quitarle las rueditas traseras a la bicicleta es todo un logro, por lo que es posible que una vez que domine y se sienta en confianza con este tipo de bicicleta, quiera quitar ese apoyo de manera inmediata. Suele ser despu\u00e9s de los 6 a\u00f1os cuando al ni\u00f1o se le facilita tener mayor equilibrio, pero lo m\u00e1s importante es que t\u00fa lo consideres seg\u00fan su avance.&nbsp;<\/p>\n\n\n\n<p>Y la mejor bici es\u2026<br>Lo que debes tener en mente al momento de adquirir una bicicleta para tu peque\u00f1o o peque\u00f1a,es que el asiento sea ajustable para que tenga la oportunidad de que sus pies toquen el piso. Si adem\u00e1s la bici tiene freno en los pedales evitar\u00eda que batalle al alcanzar a los que se encuentran en el manubrio.<\/p>\n\n\n\n<figure class=\"wp-block-image size-full\"><img loading=\"lazy\" decoding=\"async\" width=\"349\" height=\"261\" src=\"http:\/\/diariodigitalmx.com\/wp-content\/uploads\/2022\/06\/pexels-caleb-oquendo-8017591.jpg\" alt=\"\" class=\"wp-image-77426\" srcset=\"https:\/\/diariodigitalmx.com\/wp-content\/uploads\/2022\/06\/pexels-caleb-oquendo-8017591.jpg 349w, https:\/\/diariodigitalmx.com\/wp-content\/uploads\/2022\/06\/pexels-caleb-oquendo-8017591-300x224.jpg 300w\" sizes=\"(max-width: 349px) 100vw, 349px\" \/><\/figure>\n\n\n\n<p>Todo perfectamente equilibrado<br>Controlar la bicicleta b\u00e1sicamente es posible al buen equilibrio. Para ayudar a que tu hijo lo logre, puedes prepararlo de la siguiente manera: mientras est\u00e1 montado en la bicicleta p\u00eddele que coloque los pies en el piso y haz que realice movimientos que le ayuden a apoyar el peso en un pie y luego en el otro.&nbsp;<\/p>\n\n\n\n<p>Momento de dejarlos ir<br>Tarde o temprano llegar\u00e1 el momento de dejarlos solos para que al fin logren andar en bicicleta sin necesidad de las rueditas. Pero antes de hacerlo, puedes optar por ir junto a \u00e9l o ella, mientras sostienes con las manos el asiento y el volante para ayudarle a mantener el equilibrio. Una vez que lo domine ser\u00e1 tiempo de dejarle rodar.<\/p>\n\n\n\n<figure class=\"wp-block-image size-full\"><img loading=\"lazy\" decoding=\"async\" width=\"349\" height=\"261\" src=\"http:\/\/diariodigitalmx.com\/wp-content\/uploads\/2022\/06\/pexels-bianca-gasparoto-1753137.jpg\" alt=\"\" class=\"wp-image-77421\" srcset=\"https:\/\/diariodigitalmx.com\/wp-content\/uploads\/2022\/06\/pexels-bianca-gasparoto-1753137.jpg 349w, https:\/\/diariodigitalmx.com\/wp-content\/uploads\/2022\/06\/pexels-bianca-gasparoto-1753137-300x224.jpg 300w\" sizes=\"(max-width: 349px) 100vw, 349px\" \/><\/figure>\n\n\n\n<p>Los accidentes son parte del proceso de aprendizaje. Conoce el paso a paso del cuidado de una herida<br>Los raspones no podr\u00e1n evitarse, en estos casos procura siempre tener a la mano curas adhesivas que sean resistentes al agua y amigables con la piel de tus peque\u00f1os para colocar en sus heridas; Leukoplast Kids Hero Edition adem\u00e1s de ayudarte a cuidar las heridas menores de tus hijos, son divertidas porque su dise\u00f1o de Super H\u00e9roes con Batman y La Mujer Maravilla les har\u00e1 pensar m\u00e1s en su superpoder favorito y menos en ese doloroso rasp\u00f3n.<\/p>\n\n\n\n<p>Recuerda:&nbsp;<br>Lavar la herida con agua y jab\u00f3n neutro.<br>Seca la herida con una gasa est\u00e9ril.<br>Aplica un protector cut\u00e1neo alrededor de la herida y un cura Leukoplast Kids Hero Edition para favorecer su cicatrizaci\u00f3n.<\/p>\n\n\n\n<p>El 95% del \u00e9xito en su aprendizaje reside en la paciencia. S\u00e9 consciente del gran esfuerzo que tu hijo o hija est\u00e1 haciendo para dominar la bicicleta, ap\u00f3yalos y mot\u00edvalos en todo momento, pues alcanzar este logro junto a ti forjar\u00e1 en ellos no s\u00f3lo una acci\u00f3n que le ser\u00e1 \u00fatil el resto de su vida, tambi\u00e9n crear\u00e1 recuerdos \u00fanicos que atesorar\u00e1 siempre.&nbsp;<\/p>\n\n\n\n<p>Recuerda tambi\u00e9n que la seguridad es esencial, as\u00ed que no olvides ponerle casco, rodilleras y coderas para evitar accidentes graves, porque es un hecho: va a caerse.&nbsp;<\/p>\n","protected":false},"excerpt":{"rendered":"<p>CDMX.- Lo que es una realidad, es que tanto para los ni\u00f1os y ni\u00f1as, como para los adultos, andar en bici implica dedicaci\u00f3n, pr\u00e1ctica y muchos, pero muchos raspones.&nbsp; El 3 de junio se celebra el&nbsp;D\u00eda Mundial de la Bicicleta, y como sabemos lo dif\u00edcil que puede ser para algunos ni\u00f1os aprender a usarla, te [&hellip;]<\/p>\n","protected":false},"author":1,"featured_media":77420,"comment_status":"open","ping_status":"open","sticky":true,"template":"","format":"standard","meta":{"footnotes":""},"categories":[14,16],"tags":[],"_links":{"self":[{"href":"https:\/\/diariodigitalmx.com\/index.php\/wp-json\/wp\/v2\/posts\/77418"}],"collection":[{"href":"https:\/\/diariodigitalmx.com\/index.php\/wp-json\/wp\/v2\/posts"}],"about":[{"href":"https:\/\/diariodigitalmx.com\/index.php\/wp-json\/wp\/v2\/types\/post"}],"author":[{"embeddable":true,"href":"https:\/\/diariodigitalmx.com\/index.php\/wp-json\/wp\/v2\/users\/1"}],"replies":[{"embeddable":true,"href":"https:\/\/diariodigitalmx.com\/index.php\/wp-json\/wp\/v2\/comments?post=77418"}],"version-history":[{"count":4,"href":"https:\/\/diariodigitalmx.com\/index.php\/wp-json\/wp\/v2\/posts\/77418\/revisions"}],"predecessor-version":[{"id":77427,"href":"https:\/\/diariodigitalmx.com\/index.php\/wp-json\/wp\/v2\/posts\/77418\/revisions\/77427"}],"wp:featuredmedia":[{"embeddable":true,"href":"https:\/\/diariodigitalmx.com\/index.php\/wp-json\/wp\/v2\/media\/77420"}],"wp:attachment":[{"href":"https:\/\/diariodigitalmx.com\/index.php\/wp-json\/wp\/v2\/media?parent=77418"}],"wp:term":[{"taxonomy":"category","embeddable":true,"href":"https:\/\/diariodigitalmx.com\/index.php\/wp-json\/wp\/v2\/categories?post=77418"},{"taxonomy":"post_tag","embeddable":true,"href":"https:\/\/diariodigitalmx.com\/index.php\/wp-json\/wp\/v2\/tags?post=77418"}],"curies":[{"name":"wp","href":"https:\/\/api.w.org\/{rel}","templated":true}]}}