{"id":7793,"date":"2019-07-10T17:15:36","date_gmt":"2019-07-10T22:15:36","guid":{"rendered":"http:\/\/diariodigitalmx.com\/?p=7793"},"modified":"2019-07-10T17:20:56","modified_gmt":"2019-07-10T22:20:56","slug":"empresarios-de-nuevo-leon-estuvieron-con-amlo","status":"publish","type":"post","link":"https:\/\/diariodigitalmx.com\/index.php\/2019\/07\/10\/empresarios-de-nuevo-leon-estuvieron-con-amlo\/","title":{"rendered":"Empresarios de Nuevo Le\u00f3n estuvieron con AMLO"},"content":{"rendered":"\n<p>El presidente Andr\u00e9s Manuel L\u00f3pez Obrador se reuni\u00f3 con un grupo de empresarios de Nuevo Le\u00f3n.<br><\/p>\n\n\n\n<p>El encuentro se realiz\u00f3 en Palacio Nacional y el mandatario lo report\u00f3 a trav\u00e9s de Twitter, donde agreg\u00f3 que la reuni\u00f3n fue encabezada por Adri\u00e1n Sada Cueva, presidente de CAINTRA, el organismo empresarial que representa a los industriales de Nuevo Le\u00f3n.<br><\/p>\n\n\n\n<p>De acuerdo con el mandatario, el encuentro, en el que tambi\u00e9n particip\u00f3 el jefe de la Oficina de la Presidencia, Alfonso Romo, fue cordial y acordaron trabajar juntos por el bien del pa\u00eds.<\/p>\n\n\n\n\n\n<figure class=\"wp-block-image\"><img loading=\"lazy\" decoding=\"async\" width=\"576\" height=\"1024\" src=\"http:\/\/diariodigitalmx.com\/wp-content\/uploads\/2019\/07\/Screenshot_20190710-171839-576x1024.png\" alt=\"\" class=\"wp-image-7799\" srcset=\"https:\/\/diariodigitalmx.com\/wp-content\/uploads\/2019\/07\/Screenshot_20190710-171839-576x1024.png 576w, https:\/\/diariodigitalmx.com\/wp-content\/uploads\/2019\/07\/Screenshot_20190710-171839-169x300.png 169w, https:\/\/diariodigitalmx.com\/wp-content\/uploads\/2019\/07\/Screenshot_20190710-171839-768x1365.png 768w, https:\/\/diariodigitalmx.com\/wp-content\/uploads\/2019\/07\/Screenshot_20190710-171839.png 1080w\" sizes=\"(max-width: 576px) 100vw, 576px\" \/><\/figure>\n","protected":false},"excerpt":{"rendered":"<p>El presidente Andr\u00e9s Manuel L\u00f3pez Obrador se reuni\u00f3 con un grupo de empresarios de Nuevo Le\u00f3n. El encuentro se realiz\u00f3 en Palacio Nacional y el mandatario lo report\u00f3 a trav\u00e9s de Twitter, donde agreg\u00f3 que la reuni\u00f3n fue encabezada por Adri\u00e1n Sada Cueva, presidente de CAINTRA, el organismo empresarial que representa a los industriales de [&hellip;]<\/p>\n","protected":false},"author":1,"featured_media":7796,"comment_status":"open","ping_status":"open","sticky":true,"template":"","format":"standard","meta":{"footnotes":""},"categories":[2],"tags":[],"_links":{"self":[{"href":"https:\/\/diariodigitalmx.com\/index.php\/wp-json\/wp\/v2\/posts\/7793"}],"collection":[{"href":"https:\/\/diariodigitalmx.com\/index.php\/wp-json\/wp\/v2\/posts"}],"about":[{"href":"https:\/\/diariodigitalmx.com\/index.php\/wp-json\/wp\/v2\/types\/post"}],"author":[{"embeddable":true,"href":"https:\/\/diariodigitalmx.com\/index.php\/wp-json\/wp\/v2\/users\/1"}],"replies":[{"embeddable":true,"href":"https:\/\/diariodigitalmx.com\/index.php\/wp-json\/wp\/v2\/comments?post=7793"}],"version-history":[{"count":4,"href":"https:\/\/diariodigitalmx.com\/index.php\/wp-json\/wp\/v2\/posts\/7793\/revisions"}],"predecessor-version":[{"id":7800,"href":"https:\/\/diariodigitalmx.com\/index.php\/wp-json\/wp\/v2\/posts\/7793\/revisions\/7800"}],"wp:featuredmedia":[{"embeddable":true,"href":"https:\/\/diariodigitalmx.com\/index.php\/wp-json\/wp\/v2\/media\/7796"}],"wp:attachment":[{"href":"https:\/\/diariodigitalmx.com\/index.php\/wp-json\/wp\/v2\/media?parent=7793"}],"wp:term":[{"taxonomy":"category","embeddable":true,"href":"https:\/\/diariodigitalmx.com\/index.php\/wp-json\/wp\/v2\/categories?post=7793"},{"taxonomy":"post_tag","embeddable":true,"href":"https:\/\/diariodigitalmx.com\/index.php\/wp-json\/wp\/v2\/tags?post=7793"}],"curies":[{"name":"wp","href":"https:\/\/api.w.org\/{rel}","templated":true}]}}