{"id":7801,"date":"2019-07-10T17:25:03","date_gmt":"2019-07-10T22:25:03","guid":{"rendered":"http:\/\/diariodigitalmx.com\/?p=7801"},"modified":"2019-07-10T17:39:23","modified_gmt":"2019-07-10T22:39:23","slug":"taxistas-exigen-que-cancelacion-de-operativos-sea-por-escrito","status":"publish","type":"post","link":"https:\/\/diariodigitalmx.com\/index.php\/2019\/07\/10\/taxistas-exigen-que-cancelacion-de-operativos-sea-por-escrito\/","title":{"rendered":"Taxistas exigen que cancelaci\u00f3n de operativos sea por escrito"},"content":{"rendered":"\n<p>Por Pedro Garc\u00eda Trevi\u00f1o<\/p>\n\n\n\n<p><br><\/p>\n\n\n\n<p>Recelosos de la sinceridad del Gobierno del Estado en el anuncio de la cancelaci\u00f3n absoluta de los operativos, los taxistas de las Aplicaciones, Uber y otras, demandaron garant\u00edas de ello con un oficio firmado para defenderse de ulteriores retenes.<\/p>\n\n\n\n<p>Trabajadores del volante de las Aplicaciones, apoyados por Pedro Alejo Rodr\u00edguez, dirigente de la ONG \u201cCiudadano Empoderado\u201d, entregaron una petici\u00f3n al despacho del Gobierno en la que solicitan que la cancelaci\u00f3n de los operativos se haga por escrito y debidamente firmada.<\/p>\n\n\n\n<p>Los compa\u00f1eros taxistas quieren contar con copias del Oficio donde el gobierno anuncia la cancelaci\u00f3n de los operativos para portarlas en sus veh\u00edculos y oponerlos como defensa ante un operativo que alguna dependencia o corporaci\u00f3n realice por su cuenta, argument\u00f3.<\/p>\n\n\n\n<p>Entrevistado, Pedro Alejo Rodr\u00edguez inform\u00f3 que acudieron al Palacio Estatal para presentar la solicitud toda vez que los taxistas no conf\u00edan en la palabra gubernamental porque recientemente la autoridad del Transporte no respet\u00f3 una tregua para no realizar operativos.<\/p>\n\n\n\n<p>El dirigente de Ciudadano Empoderado reproch\u00f3, adem\u00e1s, que los operativos se hayan efectuado apoyados con las polic\u00edas, como si los taxistas fuesen delincuentes. \u201c\u00a1No son criminales!\u201d, puntualiz\u00f3 el activista regiomontano.<\/p>\n\n\n\n<p>Abund\u00f3 que \u00e9l advirti\u00f3 al gobernador que al arremeter contra los taxistas estaba violentando dignidades y derechos humanos, y habr\u00eda problemas para el gobierno. Eso, agreg\u00f3, adquiri\u00f3 la dimensi\u00f3n de un esc\u00e1ndalo nacional.<\/p>\n\n\n\n<p>Los taxistas ya se \u201cempoderaron\u201d, est\u00e1n conscientes de que unidos pueden establecer un frente de lucha jur\u00eddica; hay un despertar ciudadano, se\u00f1al\u00f3 Pedro Alejo Rodr\u00edguez.<\/p>\n\n\n\n<p>Los compa\u00f1eros no quieren sorpresas del gobierno y quieren contar con copias del Oficio como una garant\u00eda de palabra empe\u00f1ada, dijo el activista al advertir que la movilizaci\u00f3n de protesta del pr\u00f3ximo viernes sigue en firme.<\/p>\n\n\n\n<figure class=\"wp-block-image\"><img loading=\"lazy\" decoding=\"async\" width=\"1024\" height=\"768\" src=\"http:\/\/diariodigitalmx.com\/wp-content\/uploads\/2019\/07\/IMG-20190710-WA0010-1024x768.jpg\" alt=\"\" class=\"wp-image-7819\" srcset=\"https:\/\/diariodigitalmx.com\/wp-content\/uploads\/2019\/07\/IMG-20190710-WA0010-1024x768.jpg 1024w, https:\/\/diariodigitalmx.com\/wp-content\/uploads\/2019\/07\/IMG-20190710-WA0010-300x225.jpg 300w, https:\/\/diariodigitalmx.com\/wp-content\/uploads\/2019\/07\/IMG-20190710-WA0010-768x576.jpg 768w, https:\/\/diariodigitalmx.com\/wp-content\/uploads\/2019\/07\/IMG-20190710-WA0010.jpg 1280w\" sizes=\"(max-width: 1024px) 100vw, 1024px\" \/><\/figure>\n","protected":false},"excerpt":{"rendered":"<p>Por Pedro Garc\u00eda Trevi\u00f1o Recelosos de la sinceridad del Gobierno del Estado en el anuncio de la cancelaci\u00f3n absoluta de los operativos, los taxistas de las Aplicaciones, Uber y otras, demandaron garant\u00edas de ello con un oficio firmado para defenderse de ulteriores retenes. Trabajadores del volante de las Aplicaciones, apoyados por Pedro Alejo Rodr\u00edguez, dirigente [&hellip;]<\/p>\n","protected":false},"author":1,"featured_media":7804,"comment_status":"open","ping_status":"open","sticky":true,"template":"","format":"standard","meta":{"footnotes":""},"categories":[6],"tags":[],"_links":{"self":[{"href":"https:\/\/diariodigitalmx.com\/index.php\/wp-json\/wp\/v2\/posts\/7801"}],"collection":[{"href":"https:\/\/diariodigitalmx.com\/index.php\/wp-json\/wp\/v2\/posts"}],"about":[{"href":"https:\/\/diariodigitalmx.com\/index.php\/wp-json\/wp\/v2\/types\/post"}],"author":[{"embeddable":true,"href":"https:\/\/diariodigitalmx.com\/index.php\/wp-json\/wp\/v2\/users\/1"}],"replies":[{"embeddable":true,"href":"https:\/\/diariodigitalmx.com\/index.php\/wp-json\/wp\/v2\/comments?post=7801"}],"version-history":[{"count":3,"href":"https:\/\/diariodigitalmx.com\/index.php\/wp-json\/wp\/v2\/posts\/7801\/revisions"}],"predecessor-version":[{"id":7820,"href":"https:\/\/diariodigitalmx.com\/index.php\/wp-json\/wp\/v2\/posts\/7801\/revisions\/7820"}],"wp:featuredmedia":[{"embeddable":true,"href":"https:\/\/diariodigitalmx.com\/index.php\/wp-json\/wp\/v2\/media\/7804"}],"wp:attachment":[{"href":"https:\/\/diariodigitalmx.com\/index.php\/wp-json\/wp\/v2\/media?parent=7801"}],"wp:term":[{"taxonomy":"category","embeddable":true,"href":"https:\/\/diariodigitalmx.com\/index.php\/wp-json\/wp\/v2\/categories?post=7801"},{"taxonomy":"post_tag","embeddable":true,"href":"https:\/\/diariodigitalmx.com\/index.php\/wp-json\/wp\/v2\/tags?post=7801"}],"curies":[{"name":"wp","href":"https:\/\/api.w.org\/{rel}","templated":true}]}}