{"id":7805,"date":"2019-07-10T17:28:59","date_gmt":"2019-07-10T22:28:59","guid":{"rendered":"http:\/\/diariodigitalmx.com\/?p=7805"},"modified":"2019-07-10T17:29:00","modified_gmt":"2019-07-10T22:29:00","slug":"anuncian-funcionboxeo-real-en-ocoyoacac","status":"publish","type":"post","link":"https:\/\/diariodigitalmx.com\/index.php\/2019\/07\/10\/anuncian-funcionboxeo-real-en-ocoyoacac\/","title":{"rendered":"Anuncian funci\u00f3n&#8221;Boxeo real en Ocoyoacac&#8221;"},"content":{"rendered":"\n<p><\/p>\n\n\n\n<p>Ocoyoacac, EdoM\u00e9x., 10 de Julio de 2019.- Con la presencia de los promotores Juan Manuel M\u00e1rquez, presidente de \u201cM\u00e1rquez Boxing Promotions\u201d, el doctor Marco Antonio Guti\u00e9rrez, director general de \u201cPotenza Real Boxing\u201d, los estelaristas Jos\u00e9 Armando \u201cPamba\u201d Valdez y el peruano Juan Carlos Garc\u00eda, adem\u00e1s de Yulihan Alejandra Luna y Judith Rodr\u00edguez, se realiz\u00f3 la conferencia de la funci\u00f3n \u201cBoxeo Real en Ocoyoacac\u201d.<\/p>\n\n\n\n<p>El tetracampe\u00f3n mundial Juan Manuel M\u00e1rquez destac\u00f3 la importancia de la funci\u00f3n inaugural del serial que ser\u00e1 transmitido por Tele F\u00f3rmula a M\u00e9xico y Estados Unidos, \u201clo m\u00e1s importante son los boxeadores, la materia prima en este deporte, por lo que apoyaremos a los j\u00f3venes para cumplir su meta de ganar un t\u00edtulo mundial. S\u00e9 las necesidades de los boxeadores que empiezan sus carreras, por lo que les brindaremos apoyo\u201d, dijo.<\/p>\n\n\n\n<p>El doctor Marco Antonio Guti\u00e9rrez mencion\u00f3 por su parte la sociedad de su promotora con la del \u201cDinamita\u201d M\u00e1rquez, \u201clo m\u00e1s importante ser\u00e1 la programaci\u00f3n de combates parejos, que disfruten los aficionados. Es un reto tener de socio al tetracampe\u00f3n mundial M\u00e1rquez y estamos obligados a programar peleas competitivas. Agradezco las facilidades a la Comisi\u00f3n de Box del Estado de M\u00e9xico para esta funci\u00f3n\u201d.<\/p>\n\n\n\n<p>Aldo M\u00e1rquez, hijo de Juan Manuel y encargado de la direcci\u00f3n de la promotora, coment\u00f3 por su parte que est\u00e1 motivado por la uni\u00f3n de las empresas y habr\u00e1 que trabajar para fortalecerlas y montar atractivas funciones.<\/p>\n\n\n\n<p>Juan Jos\u00e9 Herrera, titular de la Comisi\u00f3n de Boxeo mexiquense, se mostr\u00f3 orgulloso de presentar la primera funci\u00f3n de las dos promotoras, \u201cser\u00e1 el inicio de la una gran temporada y la Comisi\u00f3n les abre las puertas a la orden y a su disposici\u00f3n para montar m\u00e1s carteleras\u201d.<\/p>\n\n\n\n<p>El mexicano Jos\u00e9 Armando \u201cPamba\u201d Valdez tendr\u00e1 una dura prueba contra el peruano Juan Carlos Garc\u00eda, en el turno estelar, \u201cfui campe\u00f3n nacional y ahora tendr\u00e9 un nuevo reto en mi carrera. Estoy bien preparado para esta pelea y agradezco la oportunidad a las promotoras\u201d.<\/p>\n\n\n\n<p>El \u201cPeruano\u201d Valdez, pupilo de Rub\u00e9n Lira, mencion\u00f3 que tiene cinco a\u00f1os practicando el boxeo en M\u00e9xico y su meta es conseguir un t\u00edtulo mundial, \u201cdebo seguir ganando mis combates y con el apoyo de las empresas llegar a un cintur\u00f3n universal. Este viernes har\u00e9 una buena pelea que disfrutar\u00e1n los aficionados\u201d.<\/p>\n\n\n\n<p>En el combate coestelar femenil a ocho giros en peso gallo, intercambiar\u00e1n golpes la duranguense Yulihan Alejandra Luna Avila, excampeona mundial gallo de la Federaci\u00f3n Internacional de Boxeo (FIB), contra Judith Rodr\u00edguez, exmonarca Plata del Consejo Mundial de Boxeo (CMB).<\/p>\n\n\n\n<p>Yulihan y Judith se declararon en \u00f3ptimas condiciones f\u00edsicas para terminar con los brazos en alto, reconociendo su experiencia y preparaci\u00f3n.<\/p>\n\n\n\n<p>El atractivo cartel box\u00edstico se realizar\u00e1 el viernes 12 de julio en la Unidad Deportiva \u201cLuis Camarena\u201d en el municipio mexiquense de Ocoyoacac, en evento que ser\u00e1 grabado para la televisi\u00f3n y que ser\u00e1 transmitida por Tele F\u00f3rmula a la Rep\u00fablica Mexicana y Estados Unidos el s\u00e1bado 13 de julio a partir de las 21:00 horas.<\/p>\n\n\n\n<p>A la reuni\u00f3n con la prensa especializada asistieron el director del Instituto del Deporte de Ocoyoacac, Alan Valencia y el empresario Carlos Guti\u00e9rrez.<\/p>\n\n\n\n<p>Los boletos tendr\u00e1n un costo de 100 pesos en zona general y 250 en ring side y est\u00e1n disponibles en el Polideportivo Municipal y en el Kiosco de la Plaza de los Insurgentes.<\/p>\n\n\n\n<p>La cartelera \u201cBoxeo Real en Ocoyoacac\u201d incluye cinco combates m\u00e1s: Arturo \u201cPantera\u201d Segundo contra Francisco \u201cRudo\u201d Alarc\u00f3n, a seis en gallo, Rafael \u201cKaiser\u201d Jim\u00e9nez vs Jonathan Ramos, a seis en superligero, Rafael \u201cTornado\u201d Carmona vs Jes\u00fas Mauricio Estrada ((4 en welter), Yeni \u201cArtillera\u201d Mercado vs Luz Elena \u201cGuerrerita\u201d Aguilar (4 en supermosca) y David Requena-Oscar \u201cOso\u201d Gonz\u00e1lez (4 en pluma).<\/p>\n\n\n\n<p>Este jueves 11 de julio a partir de las 11:00 horas se realizar\u00e1 la ceremonia de pesaje y ex\u00e1menes m\u00e9dicos en el Kiosco de la Plaza de los Insurgentes enfrente del Palacio Municipal.<\/p>\n","protected":false},"excerpt":{"rendered":"<p>Ocoyoacac, EdoM\u00e9x., 10 de Julio de 2019.- Con la presencia de los promotores Juan Manuel M\u00e1rquez, presidente de \u201cM\u00e1rquez Boxing Promotions\u201d, el doctor Marco Antonio Guti\u00e9rrez, director general de \u201cPotenza Real Boxing\u201d, los estelaristas Jos\u00e9 Armando \u201cPamba\u201d Valdez y el peruano Juan Carlos Garc\u00eda, adem\u00e1s de Yulihan Alejandra Luna y Judith Rodr\u00edguez, se realiz\u00f3 la [&hellip;]<\/p>\n","protected":false},"author":1,"featured_media":7808,"comment_status":"open","ping_status":"open","sticky":true,"template":"","format":"standard","meta":{"footnotes":""},"categories":[8],"tags":[],"_links":{"self":[{"href":"https:\/\/diariodigitalmx.com\/index.php\/wp-json\/wp\/v2\/posts\/7805"}],"collection":[{"href":"https:\/\/diariodigitalmx.com\/index.php\/wp-json\/wp\/v2\/posts"}],"about":[{"href":"https:\/\/diariodigitalmx.com\/index.php\/wp-json\/wp\/v2\/types\/post"}],"author":[{"embeddable":true,"href":"https:\/\/diariodigitalmx.com\/index.php\/wp-json\/wp\/v2\/users\/1"}],"replies":[{"embeddable":true,"href":"https:\/\/diariodigitalmx.com\/index.php\/wp-json\/wp\/v2\/comments?post=7805"}],"version-history":[{"count":2,"href":"https:\/\/diariodigitalmx.com\/index.php\/wp-json\/wp\/v2\/posts\/7805\/revisions"}],"predecessor-version":[{"id":7807,"href":"https:\/\/diariodigitalmx.com\/index.php\/wp-json\/wp\/v2\/posts\/7805\/revisions\/7807"}],"wp:featuredmedia":[{"embeddable":true,"href":"https:\/\/diariodigitalmx.com\/index.php\/wp-json\/wp\/v2\/media\/7808"}],"wp:attachment":[{"href":"https:\/\/diariodigitalmx.com\/index.php\/wp-json\/wp\/v2\/media?parent=7805"}],"wp:term":[{"taxonomy":"category","embeddable":true,"href":"https:\/\/diariodigitalmx.com\/index.php\/wp-json\/wp\/v2\/categories?post=7805"},{"taxonomy":"post_tag","embeddable":true,"href":"https:\/\/diariodigitalmx.com\/index.php\/wp-json\/wp\/v2\/tags?post=7805"}],"curies":[{"name":"wp","href":"https:\/\/api.w.org\/{rel}","templated":true}]}}