{"id":7809,"date":"2019-07-10T17:34:39","date_gmt":"2019-07-10T22:34:39","guid":{"rendered":"http:\/\/diariodigitalmx.com\/?p=7809"},"modified":"2019-07-10T17:37:32","modified_gmt":"2019-07-10T22:37:32","slug":"juventud-fuerza-rayada-nueve-anos-de-formar-lideres-dentro-y-fuera-de-la-cancha","status":"publish","type":"post","link":"https:\/\/diariodigitalmx.com\/index.php\/2019\/07\/10\/juventud-fuerza-rayada-nueve-anos-de-formar-lideres-dentro-y-fuera-de-la-cancha\/","title":{"rendered":"Juventud Fuerza Rayada, nueve a\u00f1os de formar l\u00edderes dentro y fuera de la cancha"},"content":{"rendered":"\n<p><strong> *Reconocen a j\u00f3venes que desde el 2010 han tenido su lealtad al Club a trav\u00e9s de su desarrollo en la pr\u00e1ctica del f\u00fatbol.<\/strong><\/p>\n\n\n\n<p><br><\/p>\n\n\n\n<figure class=\"wp-block-image\"><img loading=\"lazy\" decoding=\"async\" width=\"1024\" height=\"926\" src=\"http:\/\/diariodigitalmx.com\/wp-content\/uploads\/2019\/07\/reconcimiento-lealtad-1024x926.jpg\" alt=\"\" class=\"wp-image-7812\" srcset=\"https:\/\/diariodigitalmx.com\/wp-content\/uploads\/2019\/07\/reconcimiento-lealtad-1024x926.jpg 1024w, https:\/\/diariodigitalmx.com\/wp-content\/uploads\/2019\/07\/reconcimiento-lealtad-300x271.jpg 300w, https:\/\/diariodigitalmx.com\/wp-content\/uploads\/2019\/07\/reconcimiento-lealtad-768x695.jpg 768w, https:\/\/diariodigitalmx.com\/wp-content\/uploads\/2019\/07\/reconcimiento-lealtad.jpg 1280w\" sizes=\"(max-width: 1024px) 100vw, 1024px\" \/><\/figure>\n\n\n\n<p><strong>Por: Ra\u00fal Emigdio Guevara Ortiz.- <\/strong>Con un evento<strong> <\/strong>celebrado el pasado<strong> <\/strong>el s\u00e1bado 6 de julio de 2019, en la conocida cancha &#8220;El Ejido&#8221; ubicada en la colonia Plutarco El\u00edas Calles al poniente de Monterrey, el Club de F\u00fatbol Juventud Fuerza Rayada celebr\u00f3 su 9\u00b0 aniversario de formar l\u00edderes dentro y fuera de la cancha &nbsp;para que vivan los valores de una sociedad transparente e identificados con los valores y colores del Club de Futbol Monterrey apoyados por la porra La Fuerza Rayada.<br><\/p>\n\n\n\n<p>Acompa\u00f1ados de Jos\u00e9 Carlos Mendoza representante del Alcalde de la ciudad de Monterrey, Adri\u00e1n De la Garza se realiz\u00f3 &nbsp;una misa en acci\u00f3n de gracias a cargo del sacerdote Miguel M\u00e9ndez, donde se resaltaron los valores del Club  que desde el pasado 13 de Julio del 2010 trabaja con ni\u00f1os y j\u00f3venes de diferentes edades que habitan en &nbsp;colonias con necesidades econ\u00f3micas diferentes, los cuales mantienen riesgos de adicciones y delincuencia y con los cu\u00e1les  el Club Juventud Fuerza Rayada  trabaja sin fines de lucro y manteniendo las necesidades del equipo por medio de donativos en especie predominando siempre la actividad principal es el futbol.<\/p>\n\n\n\n<figure class=\"wp-block-image\"><img loading=\"lazy\" decoding=\"async\" width=\"1024\" height=\"823\" src=\"http:\/\/diariodigitalmx.com\/wp-content\/uploads\/2019\/07\/equipos-infantiles-1024x823.jpg\" alt=\"\" class=\"wp-image-7815\" srcset=\"https:\/\/diariodigitalmx.com\/wp-content\/uploads\/2019\/07\/equipos-infantiles-1024x823.jpg 1024w, https:\/\/diariodigitalmx.com\/wp-content\/uploads\/2019\/07\/equipos-infantiles-300x241.jpg 300w, https:\/\/diariodigitalmx.com\/wp-content\/uploads\/2019\/07\/equipos-infantiles-768x617.jpg 768w, https:\/\/diariodigitalmx.com\/wp-content\/uploads\/2019\/07\/equipos-infantiles.jpg 1194w\" sizes=\"(max-width: 1024px) 100vw, 1024px\" \/><\/figure>\n\n\n\n<p>\u201cPara este grupo de amigos que integran un equipo de alto rendimiento es importante conformar bases s\u00f3lidas con una actitud ejemplar tales como trabajo en equipo, dedicaci\u00f3n, positividad, disciplina, respeto y congruencia de pensamiento-acto, pero sobre todo teniendo la honestidad como el valor m\u00e1s importante entre la direcci\u00f3n del club y los integrantes del equipo\u201d, expres\u00f3 Alfonso Mendoza Pacheco, representante de Juventud Fuerza Rayada.<\/p>\n\n\n\n<p>Actualmente el club el club trabaja con un total de 112 ni\u00f1os y j\u00f3venes &nbsp;desde las categor\u00edas 2011-2012 hasta los de 1999-2000.<\/p>\n\n\n\n<p>Durante la reuni\u00f3n se hicieron partidos entre exjugadores y j\u00f3venes que pertenecen actualmente a la instituci\u00f3n, cerrando este evento con una comida convivencia en la que los padres del club aportaron con comida y refrescos.<br><\/p>\n\n\n\n<p>Cabe mencionar que en dicho evento se reconoci\u00f3 a j\u00f3venes que por su lealtad al club.<\/p>\n\n\n\n<figure class=\"wp-block-image\"><img loading=\"lazy\" decoding=\"async\" width=\"1024\" height=\"682\" src=\"http:\/\/diariodigitalmx.com\/wp-content\/uploads\/2019\/07\/equipos-juveniles-1024x682.jpg\" alt=\"\" class=\"wp-image-7817\" srcset=\"https:\/\/diariodigitalmx.com\/wp-content\/uploads\/2019\/07\/equipos-juveniles-1024x682.jpg 1024w, https:\/\/diariodigitalmx.com\/wp-content\/uploads\/2019\/07\/equipos-juveniles-300x200.jpg 300w, https:\/\/diariodigitalmx.com\/wp-content\/uploads\/2019\/07\/equipos-juveniles-768x512.jpg 768w, https:\/\/diariodigitalmx.com\/wp-content\/uploads\/2019\/07\/equipos-juveniles.jpg 1280w\" sizes=\"(max-width: 1024px) 100vw, 1024px\" \/><\/figure>\n","protected":false},"excerpt":{"rendered":"<p>*Reconocen a j\u00f3venes que desde el 2010 han tenido su lealtad al Club a trav\u00e9s de su desarrollo en la pr\u00e1ctica del f\u00fatbol. Por: Ra\u00fal Emigdio Guevara Ortiz.- Con un evento celebrado el pasado el s\u00e1bado 6 de julio de 2019, en la conocida cancha &#8220;El Ejido&#8221; ubicada en la colonia Plutarco El\u00edas Calles al [&hellip;]<\/p>\n","protected":false},"author":1,"featured_media":7811,"comment_status":"open","ping_status":"open","sticky":true,"template":"","format":"standard","meta":{"footnotes":""},"categories":[8],"tags":[],"_links":{"self":[{"href":"https:\/\/diariodigitalmx.com\/index.php\/wp-json\/wp\/v2\/posts\/7809"}],"collection":[{"href":"https:\/\/diariodigitalmx.com\/index.php\/wp-json\/wp\/v2\/posts"}],"about":[{"href":"https:\/\/diariodigitalmx.com\/index.php\/wp-json\/wp\/v2\/types\/post"}],"author":[{"embeddable":true,"href":"https:\/\/diariodigitalmx.com\/index.php\/wp-json\/wp\/v2\/users\/1"}],"replies":[{"embeddable":true,"href":"https:\/\/diariodigitalmx.com\/index.php\/wp-json\/wp\/v2\/comments?post=7809"}],"version-history":[{"count":4,"href":"https:\/\/diariodigitalmx.com\/index.php\/wp-json\/wp\/v2\/posts\/7809\/revisions"}],"predecessor-version":[{"id":7818,"href":"https:\/\/diariodigitalmx.com\/index.php\/wp-json\/wp\/v2\/posts\/7809\/revisions\/7818"}],"wp:featuredmedia":[{"embeddable":true,"href":"https:\/\/diariodigitalmx.com\/index.php\/wp-json\/wp\/v2\/media\/7811"}],"wp:attachment":[{"href":"https:\/\/diariodigitalmx.com\/index.php\/wp-json\/wp\/v2\/media?parent=7809"}],"wp:term":[{"taxonomy":"category","embeddable":true,"href":"https:\/\/diariodigitalmx.com\/index.php\/wp-json\/wp\/v2\/categories?post=7809"},{"taxonomy":"post_tag","embeddable":true,"href":"https:\/\/diariodigitalmx.com\/index.php\/wp-json\/wp\/v2\/tags?post=7809"}],"curies":[{"name":"wp","href":"https:\/\/api.w.org\/{rel}","templated":true}]}}