{"id":7821,"date":"2019-07-10T17:45:39","date_gmt":"2019-07-10T22:45:39","guid":{"rendered":"http:\/\/diariodigitalmx.com\/?p=7821"},"modified":"2019-07-10T17:45:57","modified_gmt":"2019-07-10T22:45:57","slug":"orienta-el-issste-a-la-policia-federal-sobre-prestaciones-en-modulo-del-centro-de-mando-iztapalapa","status":"publish","type":"post","link":"https:\/\/diariodigitalmx.com\/index.php\/2019\/07\/10\/orienta-el-issste-a-la-policia-federal-sobre-prestaciones-en-modulo-del-centro-de-mando-iztapalapa\/","title":{"rendered":"Orienta el ISSSTE a la Polic\u00eda Federal sobre prestaciones en m\u00f3dulo del centro de mando Iztapalapa"},"content":{"rendered":"\n<p><br><\/p>\n\n\n\n<ul><li>Se informa y apoya a los trabajadores de la corporaci\u00f3n polic\u00edaca referente a sus prestaciones.<\/li><li>Los derechohabientes podr\u00e1n acceder a este m\u00f3dulo hasta el viernes 12 de julio.<\/li><li>En cumplimiento con la instrucci\u00f3n del Presidente de M\u00e9xico, el Instituto acerca las 21 prestaciones a los trabajadores al servicio del Estado.<\/li><\/ul>\n\n\n\n<p>CDMX.- Con el prop\u00f3sito de orientar y apoyar a los trabajadores de la Polic\u00eda Federal, el Instituto de Seguridad y Servicios Sociales de los Trabajadores del Estado (<strong><em>ISSSTE<\/em><\/strong>), esta semana instal\u00f3 un m\u00f3dulo de informaci\u00f3n en el Centro de Mando de Iztapalapa.<\/p>\n\n\n\n<p>A trav\u00e9s de las mesas de trabajo, coordinadas por la Direcci\u00f3n Normativa de Prestaciones Econ\u00f3micas, Sociales y Culturales, encabezada por \u00c9dgar D\u00edaz Garcilazo, los trabajadores de la Polic\u00eda Federal pueden conocer y aclarar dudas sobre los derechos a los que tienen con el Instituto.<\/p>\n\n\n\n<p>\u201cPor instrucciones del presidente de M\u00e9xico, Andr\u00e9s Manuel L\u00f3pez Obrador, y del director general del organismo,&nbsp;<strong><em>Luis Antonio Ram\u00edrez Pineda<\/em><\/strong>, acercamos este m\u00f3dulo a los servidores p\u00fablicos para que conozcan y no se desinformen durante esta etapa sobre sus prestaciones, que sepan que el&nbsp;<strong><em>ISSSTE<\/em><\/strong>&nbsp;est\u00e1 para apoyarlos y orientarlos\u201d, explic\u00f3 D\u00edaz Garcilazo.<\/p>\n\n\n\n<p>Entre los servicios que se ofrecen en estas mesas se encuentran: seguros de riesgo de trabajo, retiro, cesant\u00eda en edad avanzada y vejez, invalidez y vida; orientaci\u00f3n de los reg\u00edmenes pensionarios de Art\u00edculo D\u00e9cimo Transitorio y Cuenta Individual.<\/p>\n\n\n\n<p>El m\u00f3dulo de informaci\u00f3n, ubicado en el Centro de Mando de la Polic\u00eda Federal en la Alcald\u00eda de Iztapalapa, permanecer\u00e1 abierto hasta el viernes 12 de julio. Todos los tr\u00e1mites son gratuitos.<\/p>\n\n\n\n<p>De igual manera, para m\u00e1s informaci\u00f3n pueden ingresar a la Oficina Virtual (<a href=\"http:\/\/www.oficinavirtual.gob.mx\/\" target=\"_blank\" rel=\"noreferrer noopener\">www.oficinavirtual.gob.mx<\/a>) para consultar datos laborales como a\u00f1os de cotizaci\u00f3n, dependencias donde ha cotizado y r\u00e9gimen pensionario.<\/p>\n\n\n\n<figure class=\"wp-block-image\"><img loading=\"lazy\" decoding=\"async\" width=\"1024\" height=\"679\" src=\"http:\/\/diariodigitalmx.com\/wp-content\/uploads\/2019\/07\/ISSSTE-01-1024x679.jpg\" alt=\"\" class=\"wp-image-7826\" srcset=\"https:\/\/diariodigitalmx.com\/wp-content\/uploads\/2019\/07\/ISSSTE-01-1024x679.jpg 1024w, https:\/\/diariodigitalmx.com\/wp-content\/uploads\/2019\/07\/ISSSTE-01-300x199.jpg 300w, https:\/\/diariodigitalmx.com\/wp-content\/uploads\/2019\/07\/ISSSTE-01-768x509.jpg 768w, https:\/\/diariodigitalmx.com\/wp-content\/uploads\/2019\/07\/ISSSTE-01.jpg 1280w\" sizes=\"(max-width: 1024px) 100vw, 1024px\" \/><\/figure>\n","protected":false},"excerpt":{"rendered":"<p>Se informa y apoya a los trabajadores de la corporaci\u00f3n polic\u00edaca referente a sus prestaciones. Los derechohabientes podr\u00e1n acceder a este m\u00f3dulo hasta el viernes 12 de julio. En cumplimiento con la instrucci\u00f3n del Presidente de M\u00e9xico, el Instituto acerca las 21 prestaciones a los trabajadores al servicio del Estado. CDMX.- Con el prop\u00f3sito de [&hellip;]<\/p>\n","protected":false},"author":1,"featured_media":7824,"comment_status":"open","ping_status":"open","sticky":true,"template":"","format":"standard","meta":{"footnotes":""},"categories":[2],"tags":[],"_links":{"self":[{"href":"https:\/\/diariodigitalmx.com\/index.php\/wp-json\/wp\/v2\/posts\/7821"}],"collection":[{"href":"https:\/\/diariodigitalmx.com\/index.php\/wp-json\/wp\/v2\/posts"}],"about":[{"href":"https:\/\/diariodigitalmx.com\/index.php\/wp-json\/wp\/v2\/types\/post"}],"author":[{"embeddable":true,"href":"https:\/\/diariodigitalmx.com\/index.php\/wp-json\/wp\/v2\/users\/1"}],"replies":[{"embeddable":true,"href":"https:\/\/diariodigitalmx.com\/index.php\/wp-json\/wp\/v2\/comments?post=7821"}],"version-history":[{"count":4,"href":"https:\/\/diariodigitalmx.com\/index.php\/wp-json\/wp\/v2\/posts\/7821\/revisions"}],"predecessor-version":[{"id":7827,"href":"https:\/\/diariodigitalmx.com\/index.php\/wp-json\/wp\/v2\/posts\/7821\/revisions\/7827"}],"wp:featuredmedia":[{"embeddable":true,"href":"https:\/\/diariodigitalmx.com\/index.php\/wp-json\/wp\/v2\/media\/7824"}],"wp:attachment":[{"href":"https:\/\/diariodigitalmx.com\/index.php\/wp-json\/wp\/v2\/media?parent=7821"}],"wp:term":[{"taxonomy":"category","embeddable":true,"href":"https:\/\/diariodigitalmx.com\/index.php\/wp-json\/wp\/v2\/categories?post=7821"},{"taxonomy":"post_tag","embeddable":true,"href":"https:\/\/diariodigitalmx.com\/index.php\/wp-json\/wp\/v2\/tags?post=7821"}],"curies":[{"name":"wp","href":"https:\/\/api.w.org\/{rel}","templated":true}]}}