{"id":785,"date":"2019-03-04T15:22:16","date_gmt":"2019-03-04T21:22:16","guid":{"rendered":"http:\/\/diariodigitalmx.com\/?p=785"},"modified":"2019-03-04T15:22:17","modified_gmt":"2019-03-04T21:22:17","slug":"francisco-garcia-cabeza-de-vaca-y-nancy-pelosi-estrechan-hermandad-entre-tamaulipas-y-texas","status":"publish","type":"post","link":"https:\/\/diariodigitalmx.com\/index.php\/2019\/03\/04\/francisco-garcia-cabeza-de-vaca-y-nancy-pelosi-estrechan-hermandad-entre-tamaulipas-y-texas\/","title":{"rendered":"Francisco Garc\u00eda Cabeza de Vaca y Nancy Pelosi estrechan hermandad entre Tamaulipas y Texas"},"content":{"rendered":"\n<h6 class=\"wp-block-heading\">Unidos por la hermandad de dos pueblos y dos pa\u00edses, el gobernador de Tamaulipas, Francisco Garc\u00eda Cabeza de Vaca, y la Presidenta de la C\u00e1mara de Representantes de Estados Unidos, Nancy Pelosi, presidieron la ceremonia del abrazo a mitad del puente de esta frontera, con motivo de la Conmemoraci\u00f3n del Natalicio de George Washington, celebraci\u00f3n que cumpli\u00f3 122 a\u00f1os de historia.<\/h6>\n\n\n\n<p>El encuentro reuni\u00f3 a representantes de la sociedad civil y autoridades de los tres niveles de gobierno de ambos pa\u00edses, quienes reconocieron la importancia de la relaci\u00f3n bilateral en la frontera compartida entre Tamaulipas y Texas.<\/p>\n\n\n\n<p>El gobernador Garc\u00eda Cabeza de Vaca destac\u00f3 que &#8220;buscar\u00e1 la manera en que estos puentes ayuden a impulsar el desarrollo econ\u00f3mico y mejorar las condiciones de vida de las familias que habitan en ambos lados de la frontera, las oportunidades se est\u00e1n dando, ya lo dijo el Secretario del Estado de Texas, que cada vez es m\u00e1s el movimiento comercial que tiene (Texas) con M\u00e9xico&#8221;.<\/p>\n\n\n\n<p>Por su parte, David Whitley, Secretario de Estado de Texas, subray\u00f3 que el hecho de que por esta frontera crucen m\u00e1s de 200 billones de d\u00f3lares en bienes comerciales, genera grandes beneficios para la regi\u00f3n y todo el pa\u00eds.<\/p>\n\n\n\n<p>&#8220;Lo que vemos en la celebraci\u00f3n de este a\u00f1o representa mucho m\u00e1s que solamente Laredo, representa la fuerte amistad entre dos naciones que no solamente tienen una historia compartida, sino que tambi\u00e9n tienen un destino compartido&#8221;, dijo Whitley.<\/p>\n\n\n\n<p>Durante este convivio de uni\u00f3n entre ambos pa\u00edses se dieron abrazos ni\u00f1os, l\u00edderes comunitarios y funcionarios p\u00fablicos de los dos lados de la frontera en medio del Puente Internacional Ju\u00e1rez-Lincoln.<\/p>\n\n\n\n<p>Los eventos con motivo de la celebraci\u00f3n iniciaron desde el 24 de enero y concluyeron el 25 de febrero.<\/p>\n","protected":false},"excerpt":{"rendered":"<p>Unidos por la hermandad de dos pueblos y dos pa\u00edses, el gobernador de Tamaulipas, Francisco Garc\u00eda Cabeza de Vaca, y la Presidenta de la C\u00e1mara de Representantes de Estados Unidos, Nancy Pelosi, presidieron la ceremonia del abrazo a mitad del puente de esta frontera, con motivo de la Conmemoraci\u00f3n del Natalicio de George Washington, celebraci\u00f3n [&hellip;]<\/p>\n","protected":false},"author":1,"featured_media":786,"comment_status":"open","ping_status":"open","sticky":true,"template":"","format":"standard","meta":{"footnotes":""},"categories":[2],"tags":[],"_links":{"self":[{"href":"https:\/\/diariodigitalmx.com\/index.php\/wp-json\/wp\/v2\/posts\/785"}],"collection":[{"href":"https:\/\/diariodigitalmx.com\/index.php\/wp-json\/wp\/v2\/posts"}],"about":[{"href":"https:\/\/diariodigitalmx.com\/index.php\/wp-json\/wp\/v2\/types\/post"}],"author":[{"embeddable":true,"href":"https:\/\/diariodigitalmx.com\/index.php\/wp-json\/wp\/v2\/users\/1"}],"replies":[{"embeddable":true,"href":"https:\/\/diariodigitalmx.com\/index.php\/wp-json\/wp\/v2\/comments?post=785"}],"version-history":[{"count":1,"href":"https:\/\/diariodigitalmx.com\/index.php\/wp-json\/wp\/v2\/posts\/785\/revisions"}],"predecessor-version":[{"id":787,"href":"https:\/\/diariodigitalmx.com\/index.php\/wp-json\/wp\/v2\/posts\/785\/revisions\/787"}],"wp:featuredmedia":[{"embeddable":true,"href":"https:\/\/diariodigitalmx.com\/index.php\/wp-json\/wp\/v2\/media\/786"}],"wp:attachment":[{"href":"https:\/\/diariodigitalmx.com\/index.php\/wp-json\/wp\/v2\/media?parent=785"}],"wp:term":[{"taxonomy":"category","embeddable":true,"href":"https:\/\/diariodigitalmx.com\/index.php\/wp-json\/wp\/v2\/categories?post=785"},{"taxonomy":"post_tag","embeddable":true,"href":"https:\/\/diariodigitalmx.com\/index.php\/wp-json\/wp\/v2\/tags?post=785"}],"curies":[{"name":"wp","href":"https:\/\/api.w.org\/{rel}","templated":true}]}}