{"id":7915,"date":"2019-07-11T21:06:42","date_gmt":"2019-07-12T02:06:42","guid":{"rendered":"http:\/\/diariodigitalmx.com\/?p=7915"},"modified":"2019-07-11T21:07:26","modified_gmt":"2019-07-12T02:07:26","slug":"no-mas-recursos-al-metro-el-gobierno-federal-aporto-lo-suficiente","status":"publish","type":"post","link":"https:\/\/diariodigitalmx.com\/index.php\/2019\/07\/11\/no-mas-recursos-al-metro-el-gobierno-federal-aporto-lo-suficiente\/","title":{"rendered":"No m\u00e1s recursos al metro; el gobierno Federal aport\u00f3 lo suficiente"},"content":{"rendered":"\n<p>Se acabaron los apoyos al metro de Monterrey; el Estado debe acabarlo con sus recursos dice SCT<\/p>\n\n\n\n<p>Jessica Leal<br> Monterrey, N. L- El Gobierno de Andr\u00e9s Manuel L\u00f3pez Obrador no apoyar\u00e1 con m\u00e1s recursos la l\u00ednea tres del metro de Monterrey y aclar\u00f3 que los &#8220;detalles pendientes&#8221; est\u00e1n ahora en manos del Estado.<\/p>\n\n\n\n<p>&#8220;A la fecha, las obras y adquisiciones a cargo de la Secretar\u00eda de Comunicaciones y Transportes (SCT) han sido concluidas&#8221;, dice en un comunicado la Secretar\u00eda de Comunicaci\u00f3n y Transportes.<\/p>\n\n\n\n<p>&#8220;La L\u00ednea  est\u00e1 totalmente probada y en condiciones de operar, con peque\u00f1os detalles de acabados en la interconexi\u00f3n con la L\u00ednea 1 (estaci\u00f3n F\u00e9lix U. G\u00f3mez) a cargo del Gobierno del Estado&#8221;, agrega.<\/p>\n\n\n\n<p>&#8220;El Gobierno de Nuevo Le\u00f3n ha informado a SCT que la obra no ha entrado en operaci\u00f3n por falta de material rodante, cuya adquisici\u00f3n est\u00e1 en proceso con cargo a recursos federales 2019 y recursos estatales adicionales. Estiman que el equipo remanufacturado tardar\u00e1 de 12 a 15 meses en llegar&#8221;, menciona.<\/p>\n\n\n\n<p>Detalla  la SCT, que la Federaci\u00f3n ha apoyado al Estado con 2 mil 750 millones de pesos del Presupuesto federal para este proyecto del 2013 a la fecha, as\u00ed como 2 mil 204 provenientes del Fondo Nacional de Infraestructura.<\/p>\n\n\n\n<p>Adem\u00e1s 600 millones fueron transferidos en 2018 para concluir obras civiles, y este a\u00f1o se enviaron 250 millones de pesos, contemplados en el Presupuesto federal para el 2019.<\/p>\n\n\n\n<p>Descarta la SCT que vaya a haber m\u00e1s apoyos para obras y equipamiento de la L\u00ednea 3 del Metro, y menciona  que los &#8220;detalles pendientes&#8221; y la compra de vagones para la operaci\u00f3n est\u00e1 en manos del Gobierno del Estado.<\/p>\n\n\n\n<figure class=\"wp-block-image\"><img loading=\"lazy\" decoding=\"async\" width=\"823\" height=\"1024\" src=\"http:\/\/diariodigitalmx.com\/wp-content\/uploads\/2019\/07\/Screenshot_20190711-2103072-823x1024.png\" alt=\"\" class=\"wp-image-7919\" srcset=\"https:\/\/diariodigitalmx.com\/wp-content\/uploads\/2019\/07\/Screenshot_20190711-2103072-823x1024.png 823w, https:\/\/diariodigitalmx.com\/wp-content\/uploads\/2019\/07\/Screenshot_20190711-2103072-241x300.png 241w, https:\/\/diariodigitalmx.com\/wp-content\/uploads\/2019\/07\/Screenshot_20190711-2103072-768x956.png 768w, https:\/\/diariodigitalmx.com\/wp-content\/uploads\/2019\/07\/Screenshot_20190711-2103072.png 944w\" sizes=\"(max-width: 823px) 100vw, 823px\" \/><\/figure>\n","protected":false},"excerpt":{"rendered":"<p>Se acabaron los apoyos al metro de Monterrey; el Estado debe acabarlo con sus recursos dice SCT Jessica Leal Monterrey, N. L- El Gobierno de Andr\u00e9s Manuel L\u00f3pez Obrador no apoyar\u00e1 con m\u00e1s recursos la l\u00ednea tres del metro de Monterrey y aclar\u00f3 que los &#8220;detalles pendientes&#8221; est\u00e1n ahora en manos del Estado. &#8220;A la [&hellip;]<\/p>\n","protected":false},"author":1,"featured_media":7917,"comment_status":"open","ping_status":"open","sticky":true,"template":"","format":"standard","meta":{"footnotes":""},"categories":[6],"tags":[],"_links":{"self":[{"href":"https:\/\/diariodigitalmx.com\/index.php\/wp-json\/wp\/v2\/posts\/7915"}],"collection":[{"href":"https:\/\/diariodigitalmx.com\/index.php\/wp-json\/wp\/v2\/posts"}],"about":[{"href":"https:\/\/diariodigitalmx.com\/index.php\/wp-json\/wp\/v2\/types\/post"}],"author":[{"embeddable":true,"href":"https:\/\/diariodigitalmx.com\/index.php\/wp-json\/wp\/v2\/users\/1"}],"replies":[{"embeddable":true,"href":"https:\/\/diariodigitalmx.com\/index.php\/wp-json\/wp\/v2\/comments?post=7915"}],"version-history":[{"count":2,"href":"https:\/\/diariodigitalmx.com\/index.php\/wp-json\/wp\/v2\/posts\/7915\/revisions"}],"predecessor-version":[{"id":7920,"href":"https:\/\/diariodigitalmx.com\/index.php\/wp-json\/wp\/v2\/posts\/7915\/revisions\/7920"}],"wp:featuredmedia":[{"embeddable":true,"href":"https:\/\/diariodigitalmx.com\/index.php\/wp-json\/wp\/v2\/media\/7917"}],"wp:attachment":[{"href":"https:\/\/diariodigitalmx.com\/index.php\/wp-json\/wp\/v2\/media?parent=7915"}],"wp:term":[{"taxonomy":"category","embeddable":true,"href":"https:\/\/diariodigitalmx.com\/index.php\/wp-json\/wp\/v2\/categories?post=7915"},{"taxonomy":"post_tag","embeddable":true,"href":"https:\/\/diariodigitalmx.com\/index.php\/wp-json\/wp\/v2\/tags?post=7915"}],"curies":[{"name":"wp","href":"https:\/\/api.w.org\/{rel}","templated":true}]}}