{"id":7952,"date":"2019-07-12T21:16:55","date_gmt":"2019-07-13T02:16:55","guid":{"rendered":"http:\/\/diariodigitalmx.com\/?p=7952"},"modified":"2019-07-12T21:22:12","modified_gmt":"2019-07-13T02:22:12","slug":"distinguen-a-jesus-villarreal-en-el-dia-del-abogado","status":"publish","type":"post","link":"https:\/\/diariodigitalmx.com\/index.php\/2019\/07\/12\/distinguen-a-jesus-villarreal-en-el-dia-del-abogado\/","title":{"rendered":"Distinguen a Jes\u00fas Villarreal en el D\u00eda del Abogado"},"content":{"rendered":"\n<p>David Casas<\/p>\n\n\n\n<p>En el marco de la celebraci\u00f3n del D\u00eda del Abogado, el Colegio de Abogados de Nuevo Le\u00f3n &nbsp;distingui\u00f3 con la entrega de la Presea \u201cUn Hombre Abogado\u201d, al licenciado Jes\u00fas Villarreal Mart\u00ednez.<\/p>\n\n\n\n<p>En su trayectoria profesional se ha desenvuelto y destacado como impulsor de Organismos Jur\u00eddicos y Colegiados.<\/p>\n\n\n\n<p><br><\/p>\n\n\n\n<figure class=\"wp-block-image\"><img loading=\"lazy\" decoding=\"async\" width=\"768\" height=\"1024\" src=\"http:\/\/diariodigitalmx.com\/wp-content\/uploads\/2019\/07\/IMG-20190712-WA0006-768x1024.jpg\" alt=\"\" class=\"wp-image-7958\" srcset=\"https:\/\/diariodigitalmx.com\/wp-content\/uploads\/2019\/07\/IMG-20190712-WA0006-768x1024.jpg 768w, https:\/\/diariodigitalmx.com\/wp-content\/uploads\/2019\/07\/IMG-20190712-WA0006-225x300.jpg 225w, https:\/\/diariodigitalmx.com\/wp-content\/uploads\/2019\/07\/IMG-20190712-WA0006.jpg 960w\" sizes=\"(max-width: 768px) 100vw, 768px\" \/><\/figure>\n\n\n\n<p>Catedr\u00e1tico universitario, formador de nuevas generaciones de abogados, Villarreal Mart\u00ednez ha mostrado tambi\u00e9n sensibilidad con las causas sociales y a lo largo de su carrera tanto en la administraci\u00f3n p\u00fablica, como en la c\u00e1tedra o en la actividad profesional, contribuye a la soluci\u00f3n de problemas de grupos vulnerables.<br><\/p>\n\n\n\n<p>Durante el evento agradeci\u00f3 al licenciado Enrique A. &nbsp;Ayala Garc\u00eda, Rector del Colegio de Abogados, el importante reconocimiento que fortalece &nbsp;sin duda,  la presencia de los profesionistas a trav\u00e9s de la colegiaci\u00f3n  en la unidad de todas las profesiones.<\/p>\n\n\n\n<p><br><\/p>\n\n\n\n<figure class=\"wp-block-image\"><img loading=\"lazy\" decoding=\"async\" width=\"1024\" height=\"768\" src=\"http:\/\/diariodigitalmx.com\/wp-content\/uploads\/2019\/07\/IMG-20190712-WA0008-1024x768.jpg\" alt=\"\" class=\"wp-image-7960\" srcset=\"https:\/\/diariodigitalmx.com\/wp-content\/uploads\/2019\/07\/IMG-20190712-WA0008-1024x768.jpg 1024w, https:\/\/diariodigitalmx.com\/wp-content\/uploads\/2019\/07\/IMG-20190712-WA0008-300x225.jpg 300w, https:\/\/diariodigitalmx.com\/wp-content\/uploads\/2019\/07\/IMG-20190712-WA0008-768x576.jpg 768w, https:\/\/diariodigitalmx.com\/wp-content\/uploads\/2019\/07\/IMG-20190712-WA0008.jpg 1280w\" sizes=\"(max-width: 1024px) 100vw, 1024px\" \/><\/figure>\n\n\n\n<p>Tambi\u00e9n agradeci\u00f3 a la licenciada Martha Gonz\u00e1lez su presencia en el evento al llevar la representaci\u00f3n d presidente del Colegio, Doctor Alberto S\u00e1nchez.<br><\/p>\n\n\n\n<p>En el D\u00eda del Abogado &nbsp;tambi\u00e9n fueron premiadas las &nbsp;abogadas Mar\u00eda del Carmen, Leticia Hern\u00e1ndez Guerrero, Angelina Isabel Valenzuela Rend\u00f3n, Susana Guadalupe Gallegos de la Garza y los abogados Edgar Humberto Gamboa Sol\u00eds y Alfonso Garc\u00eda Alan\u00eds.<\/p>\n\n\n\n<figure class=\"wp-block-image\"><img loading=\"lazy\" decoding=\"async\" width=\"768\" height=\"1024\" src=\"http:\/\/diariodigitalmx.com\/wp-content\/uploads\/2019\/07\/IMG-20190712-WA0003-768x1024.jpg\" alt=\"\" class=\"wp-image-7963\" srcset=\"https:\/\/diariodigitalmx.com\/wp-content\/uploads\/2019\/07\/IMG-20190712-WA0003-768x1024.jpg 768w, https:\/\/diariodigitalmx.com\/wp-content\/uploads\/2019\/07\/IMG-20190712-WA0003-225x300.jpg 225w, https:\/\/diariodigitalmx.com\/wp-content\/uploads\/2019\/07\/IMG-20190712-WA0003.jpg 960w\" sizes=\"(max-width: 768px) 100vw, 768px\" \/><\/figure>\n\n\n\n<figure class=\"wp-block-image\"><img loading=\"lazy\" decoding=\"async\" width=\"1024\" height=\"731\" src=\"http:\/\/diariodigitalmx.com\/wp-content\/uploads\/2019\/07\/IMG-20190712-WA0007-1024x731.jpg\" alt=\"\" class=\"wp-image-7966\" srcset=\"https:\/\/diariodigitalmx.com\/wp-content\/uploads\/2019\/07\/IMG-20190712-WA0007-1024x731.jpg 1024w, https:\/\/diariodigitalmx.com\/wp-content\/uploads\/2019\/07\/IMG-20190712-WA0007-300x214.jpg 300w, https:\/\/diariodigitalmx.com\/wp-content\/uploads\/2019\/07\/IMG-20190712-WA0007-768x548.jpg 768w, https:\/\/diariodigitalmx.com\/wp-content\/uploads\/2019\/07\/IMG-20190712-WA0007.jpg 1280w\" sizes=\"(max-width: 1024px) 100vw, 1024px\" \/><\/figure>\n","protected":false},"excerpt":{"rendered":"<p>David Casas En el marco de la celebraci\u00f3n del D\u00eda del Abogado, el Colegio de Abogados de Nuevo Le\u00f3n &nbsp;distingui\u00f3 con la entrega de la Presea \u201cUn Hombre Abogado\u201d, al licenciado Jes\u00fas Villarreal Mart\u00ednez. En su trayectoria profesional se ha desenvuelto y destacado como impulsor de Organismos Jur\u00eddicos y Colegiados. Catedr\u00e1tico universitario, formador de nuevas [&hellip;]<\/p>\n","protected":false},"author":1,"featured_media":7955,"comment_status":"open","ping_status":"open","sticky":true,"template":"","format":"standard","meta":{"footnotes":""},"categories":[6],"tags":[],"_links":{"self":[{"href":"https:\/\/diariodigitalmx.com\/index.php\/wp-json\/wp\/v2\/posts\/7952"}],"collection":[{"href":"https:\/\/diariodigitalmx.com\/index.php\/wp-json\/wp\/v2\/posts"}],"about":[{"href":"https:\/\/diariodigitalmx.com\/index.php\/wp-json\/wp\/v2\/types\/post"}],"author":[{"embeddable":true,"href":"https:\/\/diariodigitalmx.com\/index.php\/wp-json\/wp\/v2\/users\/1"}],"replies":[{"embeddable":true,"href":"https:\/\/diariodigitalmx.com\/index.php\/wp-json\/wp\/v2\/comments?post=7952"}],"version-history":[{"count":7,"href":"https:\/\/diariodigitalmx.com\/index.php\/wp-json\/wp\/v2\/posts\/7952\/revisions"}],"predecessor-version":[{"id":7967,"href":"https:\/\/diariodigitalmx.com\/index.php\/wp-json\/wp\/v2\/posts\/7952\/revisions\/7967"}],"wp:featuredmedia":[{"embeddable":true,"href":"https:\/\/diariodigitalmx.com\/index.php\/wp-json\/wp\/v2\/media\/7955"}],"wp:attachment":[{"href":"https:\/\/diariodigitalmx.com\/index.php\/wp-json\/wp\/v2\/media?parent=7952"}],"wp:term":[{"taxonomy":"category","embeddable":true,"href":"https:\/\/diariodigitalmx.com\/index.php\/wp-json\/wp\/v2\/categories?post=7952"},{"taxonomy":"post_tag","embeddable":true,"href":"https:\/\/diariodigitalmx.com\/index.php\/wp-json\/wp\/v2\/tags?post=7952"}],"curies":[{"name":"wp","href":"https:\/\/api.w.org\/{rel}","templated":true}]}}