{"id":7990,"date":"2019-07-13T11:31:37","date_gmt":"2019-07-13T16:31:37","guid":{"rendered":"http:\/\/diariodigitalmx.com\/?p=7990"},"modified":"2019-07-13T11:36:57","modified_gmt":"2019-07-13T16:36:57","slug":"las-brigadas-vecinales-arraigadas-en-barrios-y-colonias-del-monterrey-metropolitano","status":"publish","type":"post","link":"https:\/\/diariodigitalmx.com\/index.php\/2019\/07\/13\/las-brigadas-vecinales-arraigadas-en-barrios-y-colonias-del-monterrey-metropolitano\/","title":{"rendered":"Las brigadas vecinales, arraigadas en barrios y colonias del Monterrey metropolitano"},"content":{"rendered":"\n<p>Yanneth Alonso<br><\/p>\n\n\n\n<p>En la colonia Fomerrey 11 del municipio de San Nicol\u00e1s de los Garza, otro \u00e9xito de las brigadas m\u00e9dico asistenciales de la organizaci\u00f3n Asociaciones Vecinales.<br><\/p>\n\n\n\n<p>Sin condiciones, sin menosprecio y con sensibilidad al atender un compromiso de responsabilidad social de la Federaci\u00f3n Revolucionaria de Obreros y Campesinos (FROC), se atendi\u00f3 a cientos de personas que acudieron en busca de los servicios profesionales de los especialistas que integran est\u00e1 caravana de &nbsp;apoyo brigadista.<\/p>\n\n\n\n<p><br><\/p>\n\n\n\n<figure class=\"wp-block-image\"><img loading=\"lazy\" decoding=\"async\" width=\"1024\" height=\"768\" src=\"http:\/\/diariodigitalmx.com\/wp-content\/uploads\/2019\/07\/IMG-20190712-WA0070-1024x768.jpg\" alt=\"\" class=\"wp-image-7993\" srcset=\"https:\/\/diariodigitalmx.com\/wp-content\/uploads\/2019\/07\/IMG-20190712-WA0070-1024x768.jpg 1024w, https:\/\/diariodigitalmx.com\/wp-content\/uploads\/2019\/07\/IMG-20190712-WA0070-300x225.jpg 300w, https:\/\/diariodigitalmx.com\/wp-content\/uploads\/2019\/07\/IMG-20190712-WA0070-768x576.jpg 768w, https:\/\/diariodigitalmx.com\/wp-content\/uploads\/2019\/07\/IMG-20190712-WA0070.jpg 1152w\" sizes=\"(max-width: 1024px) 100vw, 1024px\" \/><\/figure>\n\n\n\n<p>Ah\u00ed Osvaldo Serna Serv\u00edn, secretario general de las Asociaciones Vecinales en Nuevo Le\u00f3n, nombr\u00f3 &nbsp;a Mario Pe\u00f1a, coordinador vecinal y enlace con la FROC  y la Federaci\u00f3n Estatal de Sindicatos de Trabajadores del Autotransporte (FESTA) para ser el puente en cualquier situaci\u00f3n que se requiera.<br><\/p>\n\n\n\n<p>Las tradicionales brigadas sin ya infaltables cada semana en alg\u00fan rumbo de la zona metropolitana de Monterrey y est\u00e1n ya arraigadas en los barrios y colonias.<\/p>\n\n\n\n<p><br><\/p>\n\n\n\n<figure class=\"wp-block-image\"><img loading=\"lazy\" decoding=\"async\" width=\"768\" height=\"1024\" src=\"http:\/\/diariodigitalmx.com\/wp-content\/uploads\/2019\/07\/IMG-20190712-WA0080-768x1024.jpg\" alt=\"\" class=\"wp-image-7996\" srcset=\"https:\/\/diariodigitalmx.com\/wp-content\/uploads\/2019\/07\/IMG-20190712-WA0080-768x1024.jpg 768w, https:\/\/diariodigitalmx.com\/wp-content\/uploads\/2019\/07\/IMG-20190712-WA0080-225x300.jpg 225w, https:\/\/diariodigitalmx.com\/wp-content\/uploads\/2019\/07\/IMG-20190712-WA0080.jpg 864w\" sizes=\"(max-width: 768px) 100vw, 768px\" \/><\/figure>\n\n\n\n<p>Osvaldo Serna &nbsp;reiter\u00f3 que llegaron para quedarse y mantendr\u00e1n el esp\u00edritu solidario y social que les caracteriza con la presencia de ese ej\u00e9rcito de m\u00e9dicos, odont\u00f3logos, optometristas, abogados, estilistas y dem\u00e1s profesionales que asesoran a la comunidad de vecinos<br><\/p>\n\n\n\n<p>M\u00f3nica Serna, secretar\u00eda de Acci\u00f3n Femenil de la FROC estatal que encabeza C\u00e9sar Alberto Serna de Le\u00f3n, y un equipo de colaboradoras son quienes a trav\u00e9s de la log\u00edstica permiten que los eventos mantengan un nivel de organizaci\u00f3n y de aceptaci\u00f3n con calidad y atenci\u00f3n.<\/p>\n\n\n\n<p><br><\/p>\n\n\n\n<figure class=\"wp-block-image\"><img loading=\"lazy\" decoding=\"async\" width=\"1024\" height=\"768\" src=\"http:\/\/diariodigitalmx.com\/wp-content\/uploads\/2019\/07\/IMG-20190712-WA0084-1024x768.jpg\" alt=\"\" class=\"wp-image-7999\" srcset=\"https:\/\/diariodigitalmx.com\/wp-content\/uploads\/2019\/07\/IMG-20190712-WA0084-1024x768.jpg 1024w, https:\/\/diariodigitalmx.com\/wp-content\/uploads\/2019\/07\/IMG-20190712-WA0084-300x225.jpg 300w, https:\/\/diariodigitalmx.com\/wp-content\/uploads\/2019\/07\/IMG-20190712-WA0084-768x576.jpg 768w, https:\/\/diariodigitalmx.com\/wp-content\/uploads\/2019\/07\/IMG-20190712-WA0084.jpg 1152w\" sizes=\"(max-width: 1024px) 100vw, 1024px\" \/><\/figure>\n\n\n\n<p>Ramiro Vargas, secretario de Conflictos de la FROC acudi\u00f3 en representaci\u00f3n de C\u00e9sar Alberto Serna de Le\u00f3n, secretario general de la organizaci\u00f3n.<br><\/p>\n\n\n\n<p>Al concluir el evento, adem\u00e1s de los servicios profesionales que se prestaron, los vecinos &nbsp;que tambi\u00e9n gozaron de la tradicional loter\u00eda y sus respectivos regalos, externaron a Osvaldo Serna el apoyo a su iniciativa de las brigadas a trav\u00e9s de las Asociaciones Vecinales.<\/p>\n\n\n\n<p><\/p>\n\n\n\n<p><\/p>\n\n\n\n<p><\/p>\n\n\n\n<p><\/p>\n\n\n\n<p><\/p>\n\n\n\n<p><\/p>\n\n\n\n<p><\/p>\n\n\n\n<ul class=\"wp-block-gallery columns-3 is-cropped wp-block-gallery-1 is-layout-flex wp-block-gallery-is-layout-flex\"><li class=\"blocks-gallery-item\"><figure><img loading=\"lazy\" decoding=\"async\" width=\"768\" height=\"1024\" src=\"http:\/\/diariodigitalmx.com\/wp-content\/uploads\/2019\/07\/IMG-20190712-WA0062-768x1024.jpg\" alt=\"\" data-id=\"8002\" data-link=\"http:\/\/diariodigitalmx.com\/index.php\/2019\/07\/13\/las-brigadas-vecinales-arraigadas-en-barrios-y-colonias-del-monterrey-metropolitano\/img-20190712-wa0062\/\" class=\"wp-image-8002\" srcset=\"https:\/\/diariodigitalmx.com\/wp-content\/uploads\/2019\/07\/IMG-20190712-WA0062-768x1024.jpg 768w, https:\/\/diariodigitalmx.com\/wp-content\/uploads\/2019\/07\/IMG-20190712-WA0062-225x300.jpg 225w, https:\/\/diariodigitalmx.com\/wp-content\/uploads\/2019\/07\/IMG-20190712-WA0062.jpg 864w\" sizes=\"(max-width: 768px) 100vw, 768px\" \/><\/figure><\/li><li class=\"blocks-gallery-item\"><figure><img loading=\"lazy\" decoding=\"async\" width=\"768\" height=\"1024\" src=\"http:\/\/diariodigitalmx.com\/wp-content\/uploads\/2019\/07\/IMG-20190712-WA0060-768x1024.jpg\" alt=\"\" data-id=\"8003\" data-link=\"http:\/\/diariodigitalmx.com\/index.php\/2019\/07\/13\/las-brigadas-vecinales-arraigadas-en-barrios-y-colonias-del-monterrey-metropolitano\/img-20190712-wa0060\/\" class=\"wp-image-8003\" srcset=\"https:\/\/diariodigitalmx.com\/wp-content\/uploads\/2019\/07\/IMG-20190712-WA0060-768x1024.jpg 768w, https:\/\/diariodigitalmx.com\/wp-content\/uploads\/2019\/07\/IMG-20190712-WA0060-225x300.jpg 225w, https:\/\/diariodigitalmx.com\/wp-content\/uploads\/2019\/07\/IMG-20190712-WA0060.jpg 864w\" sizes=\"(max-width: 768px) 100vw, 768px\" \/><\/figure><\/li><li class=\"blocks-gallery-item\"><figure><img loading=\"lazy\" decoding=\"async\" width=\"768\" height=\"1024\" src=\"http:\/\/diariodigitalmx.com\/wp-content\/uploads\/2019\/07\/IMG-20190712-WA0053-768x1024.jpg\" alt=\"\" data-id=\"8004\" data-link=\"http:\/\/diariodigitalmx.com\/index.php\/2019\/07\/13\/las-brigadas-vecinales-arraigadas-en-barrios-y-colonias-del-monterrey-metropolitano\/img-20190712-wa0053\/\" class=\"wp-image-8004\" srcset=\"https:\/\/diariodigitalmx.com\/wp-content\/uploads\/2019\/07\/IMG-20190712-WA0053-768x1024.jpg 768w, https:\/\/diariodigitalmx.com\/wp-content\/uploads\/2019\/07\/IMG-20190712-WA0053-225x300.jpg 225w, https:\/\/diariodigitalmx.com\/wp-content\/uploads\/2019\/07\/IMG-20190712-WA0053.jpg 864w\" sizes=\"(max-width: 768px) 100vw, 768px\" \/><\/figure><\/li><li class=\"blocks-gallery-item\"><figure><img loading=\"lazy\" decoding=\"async\" width=\"768\" height=\"1024\" src=\"http:\/\/diariodigitalmx.com\/wp-content\/uploads\/2019\/07\/IMG-20190712-WA0069-768x1024.jpg\" alt=\"\" data-id=\"8005\" data-link=\"http:\/\/diariodigitalmx.com\/index.php\/2019\/07\/13\/las-brigadas-vecinales-arraigadas-en-barrios-y-colonias-del-monterrey-metropolitano\/img-20190712-wa0069\/\" class=\"wp-image-8005\" srcset=\"https:\/\/diariodigitalmx.com\/wp-content\/uploads\/2019\/07\/IMG-20190712-WA0069-768x1024.jpg 768w, https:\/\/diariodigitalmx.com\/wp-content\/uploads\/2019\/07\/IMG-20190712-WA0069-225x300.jpg 225w, https:\/\/diariodigitalmx.com\/wp-content\/uploads\/2019\/07\/IMG-20190712-WA0069.jpg 864w\" sizes=\"(max-width: 768px) 100vw, 768px\" \/><\/figure><\/li><li class=\"blocks-gallery-item\"><figure><img loading=\"lazy\" decoding=\"async\" width=\"1024\" height=\"768\" src=\"http:\/\/diariodigitalmx.com\/wp-content\/uploads\/2019\/07\/IMG-20190712-WA0037-1024x768.jpg\" alt=\"\" data-id=\"8006\" data-link=\"http:\/\/diariodigitalmx.com\/index.php\/2019\/07\/13\/las-brigadas-vecinales-arraigadas-en-barrios-y-colonias-del-monterrey-metropolitano\/img-20190712-wa0037\/\" class=\"wp-image-8006\" srcset=\"https:\/\/diariodigitalmx.com\/wp-content\/uploads\/2019\/07\/IMG-20190712-WA0037-1024x768.jpg 1024w, https:\/\/diariodigitalmx.com\/wp-content\/uploads\/2019\/07\/IMG-20190712-WA0037-300x225.jpg 300w, https:\/\/diariodigitalmx.com\/wp-content\/uploads\/2019\/07\/IMG-20190712-WA0037-768x576.jpg 768w, https:\/\/diariodigitalmx.com\/wp-content\/uploads\/2019\/07\/IMG-20190712-WA0037.jpg 1152w\" sizes=\"(max-width: 1024px) 100vw, 1024px\" \/><\/figure><\/li><li class=\"blocks-gallery-item\"><figure><img loading=\"lazy\" decoding=\"async\" width=\"768\" height=\"1024\" src=\"http:\/\/diariodigitalmx.com\/wp-content\/uploads\/2019\/07\/IMG-20190712-WA0078-768x1024.jpg\" alt=\"\" data-id=\"8007\" data-link=\"http:\/\/diariodigitalmx.com\/index.php\/2019\/07\/13\/las-brigadas-vecinales-arraigadas-en-barrios-y-colonias-del-monterrey-metropolitano\/img-20190712-wa0078\/\" class=\"wp-image-8007\" srcset=\"https:\/\/diariodigitalmx.com\/wp-content\/uploads\/2019\/07\/IMG-20190712-WA0078-768x1024.jpg 768w, https:\/\/diariodigitalmx.com\/wp-content\/uploads\/2019\/07\/IMG-20190712-WA0078-225x300.jpg 225w, https:\/\/diariodigitalmx.com\/wp-content\/uploads\/2019\/07\/IMG-20190712-WA0078.jpg 864w\" sizes=\"(max-width: 768px) 100vw, 768px\" \/><\/figure><\/li><li class=\"blocks-gallery-item\"><figure><img loading=\"lazy\" decoding=\"async\" width=\"768\" height=\"1024\" src=\"http:\/\/diariodigitalmx.com\/wp-content\/uploads\/2019\/07\/IMG-20190712-WA0051-768x1024.jpg\" alt=\"\" data-id=\"8008\" data-link=\"http:\/\/diariodigitalmx.com\/index.php\/2019\/07\/13\/las-brigadas-vecinales-arraigadas-en-barrios-y-colonias-del-monterrey-metropolitano\/img-20190712-wa0051\/\" class=\"wp-image-8008\" srcset=\"https:\/\/diariodigitalmx.com\/wp-content\/uploads\/2019\/07\/IMG-20190712-WA0051-768x1024.jpg 768w, https:\/\/diariodigitalmx.com\/wp-content\/uploads\/2019\/07\/IMG-20190712-WA0051-225x300.jpg 225w, https:\/\/diariodigitalmx.com\/wp-content\/uploads\/2019\/07\/IMG-20190712-WA0051.jpg 864w\" sizes=\"(max-width: 768px) 100vw, 768px\" \/><\/figure><\/li><li class=\"blocks-gallery-item\"><figure><img loading=\"lazy\" decoding=\"async\" width=\"1024\" height=\"768\" src=\"http:\/\/diariodigitalmx.com\/wp-content\/uploads\/2019\/07\/IMG-20190712-WA0068-1024x768.jpg\" alt=\"\" data-id=\"8009\" data-link=\"http:\/\/diariodigitalmx.com\/index.php\/2019\/07\/13\/las-brigadas-vecinales-arraigadas-en-barrios-y-colonias-del-monterrey-metropolitano\/img-20190712-wa0068\/\" class=\"wp-image-8009\" srcset=\"https:\/\/diariodigitalmx.com\/wp-content\/uploads\/2019\/07\/IMG-20190712-WA0068-1024x768.jpg 1024w, https:\/\/diariodigitalmx.com\/wp-content\/uploads\/2019\/07\/IMG-20190712-WA0068-300x225.jpg 300w, https:\/\/diariodigitalmx.com\/wp-content\/uploads\/2019\/07\/IMG-20190712-WA0068-768x576.jpg 768w, https:\/\/diariodigitalmx.com\/wp-content\/uploads\/2019\/07\/IMG-20190712-WA0068.jpg 1152w\" sizes=\"(max-width: 1024px) 100vw, 1024px\" \/><\/figure><\/li><li class=\"blocks-gallery-item\"><figure><img loading=\"lazy\" decoding=\"async\" width=\"768\" height=\"1024\" src=\"http:\/\/diariodigitalmx.com\/wp-content\/uploads\/2019\/07\/IMG-20190712-WA0050-768x1024.jpg\" alt=\"\" data-id=\"8010\" data-link=\"http:\/\/diariodigitalmx.com\/index.php\/2019\/07\/13\/las-brigadas-vecinales-arraigadas-en-barrios-y-colonias-del-monterrey-metropolitano\/img-20190712-wa0050\/\" class=\"wp-image-8010\" srcset=\"https:\/\/diariodigitalmx.com\/wp-content\/uploads\/2019\/07\/IMG-20190712-WA0050-768x1024.jpg 768w, https:\/\/diariodigitalmx.com\/wp-content\/uploads\/2019\/07\/IMG-20190712-WA0050-225x300.jpg 225w, https:\/\/diariodigitalmx.com\/wp-content\/uploads\/2019\/07\/IMG-20190712-WA0050.jpg 864w\" sizes=\"(max-width: 768px) 100vw, 768px\" \/><\/figure><\/li><li class=\"blocks-gallery-item\"><figure><img loading=\"lazy\" decoding=\"async\" width=\"1024\" height=\"768\" src=\"http:\/\/diariodigitalmx.com\/wp-content\/uploads\/2019\/07\/IMG-20190712-WA0025-1024x768.jpg\" alt=\"\" data-id=\"8011\" data-link=\"http:\/\/diariodigitalmx.com\/index.php\/2019\/07\/13\/las-brigadas-vecinales-arraigadas-en-barrios-y-colonias-del-monterrey-metropolitano\/img-20190712-wa0025\/\" class=\"wp-image-8011\" srcset=\"https:\/\/diariodigitalmx.com\/wp-content\/uploads\/2019\/07\/IMG-20190712-WA0025-1024x768.jpg 1024w, https:\/\/diariodigitalmx.com\/wp-content\/uploads\/2019\/07\/IMG-20190712-WA0025-300x225.jpg 300w, https:\/\/diariodigitalmx.com\/wp-content\/uploads\/2019\/07\/IMG-20190712-WA0025-768x576.jpg 768w, https:\/\/diariodigitalmx.com\/wp-content\/uploads\/2019\/07\/IMG-20190712-WA0025.jpg 1152w\" sizes=\"(max-width: 1024px) 100vw, 1024px\" \/><\/figure><\/li><\/ul>\n","protected":false},"excerpt":{"rendered":"<p>Yanneth Alonso En la colonia Fomerrey 11 del municipio de San Nicol\u00e1s de los Garza, otro \u00e9xito de las brigadas m\u00e9dico asistenciales de la organizaci\u00f3n Asociaciones Vecinales. Sin condiciones, sin menosprecio y con sensibilidad al atender un compromiso de responsabilidad social de la Federaci\u00f3n Revolucionaria de Obreros y Campesinos (FROC), se atendi\u00f3 a cientos de [&hellip;]<\/p>\n","protected":false},"author":1,"featured_media":7992,"comment_status":"open","ping_status":"open","sticky":true,"template":"","format":"standard","meta":{"footnotes":""},"categories":[6],"tags":[],"_links":{"self":[{"href":"https:\/\/diariodigitalmx.com\/index.php\/wp-json\/wp\/v2\/posts\/7990"}],"collection":[{"href":"https:\/\/diariodigitalmx.com\/index.php\/wp-json\/wp\/v2\/posts"}],"about":[{"href":"https:\/\/diariodigitalmx.com\/index.php\/wp-json\/wp\/v2\/types\/post"}],"author":[{"embeddable":true,"href":"https:\/\/diariodigitalmx.com\/index.php\/wp-json\/wp\/v2\/users\/1"}],"replies":[{"embeddable":true,"href":"https:\/\/diariodigitalmx.com\/index.php\/wp-json\/wp\/v2\/comments?post=7990"}],"version-history":[{"count":6,"href":"https:\/\/diariodigitalmx.com\/index.php\/wp-json\/wp\/v2\/posts\/7990\/revisions"}],"predecessor-version":[{"id":8013,"href":"https:\/\/diariodigitalmx.com\/index.php\/wp-json\/wp\/v2\/posts\/7990\/revisions\/8013"}],"wp:featuredmedia":[{"embeddable":true,"href":"https:\/\/diariodigitalmx.com\/index.php\/wp-json\/wp\/v2\/media\/7992"}],"wp:attachment":[{"href":"https:\/\/diariodigitalmx.com\/index.php\/wp-json\/wp\/v2\/media?parent=7990"}],"wp:term":[{"taxonomy":"category","embeddable":true,"href":"https:\/\/diariodigitalmx.com\/index.php\/wp-json\/wp\/v2\/categories?post=7990"},{"taxonomy":"post_tag","embeddable":true,"href":"https:\/\/diariodigitalmx.com\/index.php\/wp-json\/wp\/v2\/tags?post=7990"}],"curies":[{"name":"wp","href":"https:\/\/api.w.org\/{rel}","templated":true}]}}