{"id":8025,"date":"2019-07-13T21:53:57","date_gmt":"2019-07-14T02:53:57","guid":{"rendered":"http:\/\/diariodigitalmx.com\/?p=8025"},"modified":"2019-07-13T21:53:58","modified_gmt":"2019-07-14T02:53:58","slug":"recursos-de-ley-uber-deben-ser-etiquetados-en-movilidad-alternativakb","status":"publish","type":"post","link":"https:\/\/diariodigitalmx.com\/index.php\/2019\/07\/13\/recursos-de-ley-uber-deben-ser-etiquetados-en-movilidad-alternativakb\/","title":{"rendered":"Recursos de \u201cLey Uber\u201d deben ser etiquetados en movilidad alternativa:KB"},"content":{"rendered":"\n<p>Los recursos que se obtengan del nuevo impuesto a las empresas tipo Uber deber\u00e1 ser etiquetado para obras que beneficien la movilidad alternativa y no que incentiven el uso del autom\u00f3vil, advirti\u00f3 la diputada de Movimiento Ciudadano, Karina Barr\u00f3n Perales.<\/p>\n\n\n\n<p>Luego del acuerdo alcanzado entre el Gobierno del Estado, Diputados de la Comisi\u00f3n de Transporte y empresas de transporte privado operadas con plataformas digitales, el cual incluye la creaci\u00f3n de un impuesto especial del 1.5% y una licencia especial permanente, la legisladora local, critic\u00f3 que se piense invertir los recursos que se obtengan en temas como semaforizaci\u00f3n, y no en proyectos que beneficien el uso de transporte alternativo y al peat\u00f3n.<\/p>\n\n\n\n<p>\u201cVamos a estar vigilantes, en el pr\u00f3ximo presupuesto, para que los recursos que se obtengan de la creaci\u00f3n de este nuevo impuesto, se inviertan en proyectos que realmente necesite nuestra zona metropolitana, no en sem\u00e1foros como ha dicho el Gobierno del Estado, sino en inversiones de movilidad que no solo beneficien al autom\u00f3vil, sino a los ciclistas, a los peatones, que nos brinden una mejora en la forma en la que nos desplazamos en la zona metropolitana\u201d, explic\u00f3.<\/p>\n\n\n\n<p>\u201cEste es un buen momento, para que el gobierno del Estado de una vez por todas solucione el tema del transporte p\u00fablico, lleve acabo una restructuraci\u00f3n del transporte p\u00fablico, y mejoras en los taxis, en tema de seguridad, ya sin la excusa de que no se encuentran en igualdad de condiciones\u201d, a\u00f1adi\u00f3.<\/p>\n\n\n\n<p>Karina Barr\u00f3n critic\u00f3 que el acuerdo alcanzado este viernes, deja al descubierto que la intenci\u00f3n del Estado y la \u201ccacer\u00eda\u201d emprendida por la Agencia Estatal del Transporte, siempre tuvo un fin recaudatorio, por lo que no retiraran las denuncias por abuso de autoridad, violaciones a los derechos humanos y amparos en contra del director No\u00e9 Ch\u00e1vez, quien reiter\u00f3; \u201cdebe renunciar\u201d.<\/p>\n\n\n\n<p>\u201cDesgraciadamente se comprueba lo que siempre dijimos, que est\u00e1 cacer\u00eda ten\u00eda un fin recaudatorio, es lamentable que el Gobierno del Estado haya recurrido al uso de la fuerza y a perseguir como delincuentes a ciudadanos que solo estaban trabajando para llevar el sustento a su familia, y todo para lograr hacerse de m\u00e1s recursos, en lugar a que desde un inicio buscar\u00e1 acuerdos directamente con las empresas\u201d.<\/p>\n\n\n\n<p>\u201cEste acuerdo no exime al titular de la AET, No\u00e9 Ch\u00e1vez, de los actos ilegales que realiz\u00f3 y del abuso de autoridad, de ninguna manera vamos a retirar las denuncias que interpusimos y tampoco los amparos colectivos, esto no debe quedar impune, no se puede repetir\u201d, se\u00f1al\u00f3.<\/p>\n\n\n\n<p>Karina Barr\u00f3n dijo que se mantendr\u00e1 vigilante en el an\u00e1lisis de la nueva ley de Movilidad y en que los recursos que emanen de los nuevos impuestos y obligaciones, sean etiquetados.<\/p>\n","protected":false},"excerpt":{"rendered":"<p>Los recursos que se obtengan del nuevo impuesto a las empresas tipo Uber deber\u00e1 ser etiquetado para obras que beneficien la movilidad alternativa y no que incentiven el uso del autom\u00f3vil, advirti\u00f3 la diputada de Movimiento Ciudadano, Karina Barr\u00f3n Perales. Luego del acuerdo alcanzado entre el Gobierno del Estado, Diputados de la Comisi\u00f3n de Transporte [&hellip;]<\/p>\n","protected":false},"author":1,"featured_media":8027,"comment_status":"open","ping_status":"open","sticky":true,"template":"","format":"standard","meta":{"footnotes":""},"categories":[6],"tags":[],"_links":{"self":[{"href":"https:\/\/diariodigitalmx.com\/index.php\/wp-json\/wp\/v2\/posts\/8025"}],"collection":[{"href":"https:\/\/diariodigitalmx.com\/index.php\/wp-json\/wp\/v2\/posts"}],"about":[{"href":"https:\/\/diariodigitalmx.com\/index.php\/wp-json\/wp\/v2\/types\/post"}],"author":[{"embeddable":true,"href":"https:\/\/diariodigitalmx.com\/index.php\/wp-json\/wp\/v2\/users\/1"}],"replies":[{"embeddable":true,"href":"https:\/\/diariodigitalmx.com\/index.php\/wp-json\/wp\/v2\/comments?post=8025"}],"version-history":[{"count":1,"href":"https:\/\/diariodigitalmx.com\/index.php\/wp-json\/wp\/v2\/posts\/8025\/revisions"}],"predecessor-version":[{"id":8026,"href":"https:\/\/diariodigitalmx.com\/index.php\/wp-json\/wp\/v2\/posts\/8025\/revisions\/8026"}],"wp:featuredmedia":[{"embeddable":true,"href":"https:\/\/diariodigitalmx.com\/index.php\/wp-json\/wp\/v2\/media\/8027"}],"wp:attachment":[{"href":"https:\/\/diariodigitalmx.com\/index.php\/wp-json\/wp\/v2\/media?parent=8025"}],"wp:term":[{"taxonomy":"category","embeddable":true,"href":"https:\/\/diariodigitalmx.com\/index.php\/wp-json\/wp\/v2\/categories?post=8025"},{"taxonomy":"post_tag","embeddable":true,"href":"https:\/\/diariodigitalmx.com\/index.php\/wp-json\/wp\/v2\/tags?post=8025"}],"curies":[{"name":"wp","href":"https:\/\/api.w.org\/{rel}","templated":true}]}}