{"id":8028,"date":"2019-07-13T21:59:30","date_gmt":"2019-07-14T02:59:30","guid":{"rendered":"http:\/\/diariodigitalmx.com\/?p=8028"},"modified":"2019-07-13T22:00:14","modified_gmt":"2019-07-14T03:00:14","slug":"la-gente-odia-porque-ha-sido-enganada-pato-zambrano","status":"publish","type":"post","link":"https:\/\/diariodigitalmx.com\/index.php\/2019\/07\/13\/la-gente-odia-porque-ha-sido-enganada-pato-zambrano\/","title":{"rendered":"La gente odia porque ha sido enga\u00f1ada: Pato Zambrano"},"content":{"rendered":"\n<p><\/p>\n\n\n\n<p>Pedro Garc\u00eda Trevi\u00f1o <\/p>\n\n\n\n<p>Volc\u00e1nico como es, de s\u00fabito, Pato Zambrano se encaram\u00f3 en una silla y exclam\u00f3: \u201codian (a los pol\u00edticos) porque los han enga\u00f1ado mucho\u201d.<\/p>\n\n\n\n<p>La reacci\u00f3n del Pato obedeci\u00f3 al reproche de un venerable se\u00f1or que a un par de metros, en otra mesa, en medio de la rueda de prensa, reproch\u00f3: \u201caqu\u00ed se viene a desayunar\u201d\u2026La cuesti\u00f3n es que el autoproclamado aspirante a candidato a gobernador, impetuoso, hablaba fuerte sobre las obras que har\u00eda para ordenar la zona metropolitana de Monterrey.<\/p>\n\n\n\n<p>\u201cHay que mediar, hay que mediar!\u201d, dice Zambrano a los periodistas tras haber conversado brevemente con el comensal que lo hab\u00eda increpado. \u201cOdian porque los han enga\u00f1ado mucho\u201d, comenta.<\/p>\n\n\n\n<p>Pato sostuvo un encuentro con la directiva de la Confederaci\u00f3n Obrera Revolucionaria (COR) que lidera Omar Gonz\u00e1lez Colunga quien ofreci\u00f3 un desayuno en un restaurante de la avenida Garza Sada. La organizaci\u00f3n de trabajadores convoc\u00f3 al Pato para conocer sus prop\u00f3sitos como aspirante a candidato a suceder a El Bronco.<\/p>\n\n\n\n<figure class=\"wp-block-image\"><img loading=\"lazy\" decoding=\"async\" width=\"960\" height=\"720\" src=\"http:\/\/diariodigitalmx.com\/wp-content\/uploads\/2019\/07\/Pato-2.jpg\" alt=\"\" class=\"wp-image-8031\" srcset=\"https:\/\/diariodigitalmx.com\/wp-content\/uploads\/2019\/07\/Pato-2.jpg 960w, https:\/\/diariodigitalmx.com\/wp-content\/uploads\/2019\/07\/Pato-2-300x225.jpg 300w, https:\/\/diariodigitalmx.com\/wp-content\/uploads\/2019\/07\/Pato-2-768x576.jpg 768w\" sizes=\"(max-width: 960px) 100vw, 960px\" \/><\/figure>\n\n\n\n<p>El dirigente de la COR expone que los trabajadores requieren mejores salarios y prestaciones sociales, as\u00ed como capacitaci\u00f3n para elevar la productividad. Dijo que la Confederaci\u00f3n es apartidista por lo que est\u00e1 convocando a los aspirantes a cargos p\u00fablicos a dialogar para conocer sus proyectos y propuestas de gobierno.<\/p>\n\n\n\n<p>Zambrano expone al l\u00edder de trabajadores que, hasta la fecha, los gobernantes s\u00f3lo han echado mentiras: \u201cson actores, mit\u00f3manos\u201d que ni siquiera saben expresarse con autonom\u00eda porque requieren de leer discursos, previamente \u201cmacheteados\u201d.<\/p>\n\n\n\n<p>\u201cYo -se sincera-, no soy un erudito ni un experto en todo, pero si llego a gobernador me rodear\u00e9 de los mejores nuevoleoneses de las universidades.\u201d<\/p>\n\n\n\n<p><strong>Pato se derrama y no repara en nada:<\/strong><\/p>\n\n\n\n<p>Implantar\u00e9 el doble \u201choy no circula\u201d para abatir la contaminaci\u00f3n metropolitana y reprocha el plan de la construcci\u00f3n de un segundo piso con caseta de peaje porque s\u00f3lo lo usar\u00e1n los privilegiados econ\u00f3micamente. \u201cAll\u00e1 abajo, entre los baches, que circulen en el trafical, los trabajadores\u201d.<\/p>\n\n\n\n<p>Tambi\u00e9n impulsar\u00eda el trazo de seis l\u00edneas de Metro, concesionadas, con la inversi\u00f3n privada, con la tarifa actual, formidable infraestructura que tendr\u00eda la capacidad de comunicar a toda la zona metropolitana de Monterrey. Lo cual no implicar\u00eda deuda para el gobierno porque la construcci\u00f3n y explotaci\u00f3n ser\u00eda una concesi\u00f3n privada.<\/p>\n\n\n\n<p>Pato Zambrano dice que entre las soluciones al servicio camionero convocar\u00eda a la apertura de m\u00e1s rutas, pero, convocando a nuevos concesionarios, a los que les interese servir bien a los usuarios toda vez que a os actuales ruteros lo que menos les importa es la gente que aborda las unidades.<\/p>\n\n\n\n<p>Cuestion\u00f3 que en Nuevo Le\u00f3n se permitan tarifas de 12 pesos cuando en el sureste se cobra 7 pesos y se utiliza el mismo di\u00e9sel y al mismo precio. Reiter\u00f3 que convocar\u00eda a licitaciones para nuevos empresarios del transporte que brinden un servicio digno porque los actuales creen que \u201ctrasladan chivas\u201d.<\/p>\n\n\n\n<p><strong>Gobernantes del ayer<\/strong><\/p>\n\n\n\n<p>Pato Zambrano reconoce las pol\u00edticas de gobernantes del pasado como don Alfonso Mart\u00ednez Dom\u00ednguez o el presidente Adolfo L\u00f3pez Mateos a los que menciona como referentes de pol\u00edticos sencillos y abiertos, en comparaci\u00f3n con los soberbios que hay en la actualidad.<\/p>\n\n\n\n<p>De don Alfonso destaca su sensibilidad para escuchar en aquellas memorables audiencias p\u00fablicas en las que \u201cdon Alfonso escuchaba hasta el \u00faltimo ciudadano\u201d que se presentaba a exponer un problema o una necesidad.<\/p>\n\n\n\n<p>En cuanto a L\u00f3pez Mateos reconoci\u00f3 sus pol\u00edticas sociales como el de prodigar los desayunos escolares, el \u201cbien comer\u201d para poder aprender.<\/p>\n\n\n\n<p>Tambi\u00e9n se propone ampliar las oportunidades de ingreso a la educaci\u00f3n media superior y anunci\u00f3 un convenio reciente con el Colegio de Estudios Contempor\u00e1neos (CEC) donde se van a otorgar descuentos en pagos con descuentos del 50 por ciento.<\/p>\n\n\n\n<p>Impulsar\u00eda el aumento de la capacidad instalada en la UANL para aumentar la matr\u00edcula escolar, aspecto en el que resalt\u00f3 que hay millones de j\u00f3venes marginados, que no ingresan a la instrucci\u00f3n.<\/p>\n\n\n\n<p>Mientras se dispon\u00eda a despedirse de sus interlocutores de la Confederaci\u00f3n Obrera Revolucionaria, una dama pregunta al cronista: \u201c\u00bfes Pato Zambrano, verdad?&#8230;\u201d<\/p>\n\n\n\n<p>-S\u00ed. La dama sonr\u00ede y vuelve a su mesa. Pato ha sostenido encuentros con personajes e instituciones dis\u00edmbolas porque, asegura, no tiene compromisos con nadie.<\/p>\n","protected":false},"excerpt":{"rendered":"<p>Pedro Garc\u00eda Trevi\u00f1o Volc\u00e1nico como es, de s\u00fabito, Pato Zambrano se encaram\u00f3 en una silla y exclam\u00f3: \u201codian (a los pol\u00edticos) porque los han enga\u00f1ado mucho\u201d. La reacci\u00f3n del Pato obedeci\u00f3 al reproche de un venerable se\u00f1or que a un par de metros, en otra mesa, en medio de la rueda de prensa, reproch\u00f3: \u201caqu\u00ed [&hellip;]<\/p>\n","protected":false},"author":1,"featured_media":8030,"comment_status":"open","ping_status":"open","sticky":true,"template":"","format":"standard","meta":{"footnotes":""},"categories":[6],"tags":[],"_links":{"self":[{"href":"https:\/\/diariodigitalmx.com\/index.php\/wp-json\/wp\/v2\/posts\/8028"}],"collection":[{"href":"https:\/\/diariodigitalmx.com\/index.php\/wp-json\/wp\/v2\/posts"}],"about":[{"href":"https:\/\/diariodigitalmx.com\/index.php\/wp-json\/wp\/v2\/types\/post"}],"author":[{"embeddable":true,"href":"https:\/\/diariodigitalmx.com\/index.php\/wp-json\/wp\/v2\/users\/1"}],"replies":[{"embeddable":true,"href":"https:\/\/diariodigitalmx.com\/index.php\/wp-json\/wp\/v2\/comments?post=8028"}],"version-history":[{"count":2,"href":"https:\/\/diariodigitalmx.com\/index.php\/wp-json\/wp\/v2\/posts\/8028\/revisions"}],"predecessor-version":[{"id":8032,"href":"https:\/\/diariodigitalmx.com\/index.php\/wp-json\/wp\/v2\/posts\/8028\/revisions\/8032"}],"wp:featuredmedia":[{"embeddable":true,"href":"https:\/\/diariodigitalmx.com\/index.php\/wp-json\/wp\/v2\/media\/8030"}],"wp:attachment":[{"href":"https:\/\/diariodigitalmx.com\/index.php\/wp-json\/wp\/v2\/media?parent=8028"}],"wp:term":[{"taxonomy":"category","embeddable":true,"href":"https:\/\/diariodigitalmx.com\/index.php\/wp-json\/wp\/v2\/categories?post=8028"},{"taxonomy":"post_tag","embeddable":true,"href":"https:\/\/diariodigitalmx.com\/index.php\/wp-json\/wp\/v2\/tags?post=8028"}],"curies":[{"name":"wp","href":"https:\/\/api.w.org\/{rel}","templated":true}]}}