{"id":8033,"date":"2019-07-13T22:09:55","date_gmt":"2019-07-14T03:09:55","guid":{"rendered":"http:\/\/diariodigitalmx.com\/?p=8033"},"modified":"2019-07-13T22:10:45","modified_gmt":"2019-07-14T03:10:45","slug":"salen-a-protestar-en-chicago-contra-redadas-de-migrantes","status":"publish","type":"post","link":"https:\/\/diariodigitalmx.com\/index.php\/2019\/07\/13\/salen-a-protestar-en-chicago-contra-redadas-de-migrantes\/","title":{"rendered":"Salen a protestar en Chicago contra redadas de migrantes"},"content":{"rendered":"\n<p><em>&#8220;Ning\u00fan ser humano es ilegal&#8221; y &#8220;Detengan las detenciones&#8221; son algunos de los mensajes que portan los manifestantes; las acciones de detenci\u00f3n de indocumentados inician ma\u00f1ana en 10 ciudades de EU, entre ellas Miami, Houston, Nueva York y Los \u00c1ngeles<\/em><\/p>\n\n\n\n<figure class=\"wp-block-image\"><img loading=\"lazy\" decoding=\"async\" width=\"1024\" height=\"573\" src=\"http:\/\/diariodigitalmx.com\/wp-content\/uploads\/2019\/07\/D_YgiIuXsAAbSkw-1068x598-1024x573.jpg\" alt=\"\" class=\"wp-image-8037\" srcset=\"https:\/\/diariodigitalmx.com\/wp-content\/uploads\/2019\/07\/D_YgiIuXsAAbSkw-1068x598-1024x573.jpg 1024w, https:\/\/diariodigitalmx.com\/wp-content\/uploads\/2019\/07\/D_YgiIuXsAAbSkw-1068x598-300x168.jpg 300w, https:\/\/diariodigitalmx.com\/wp-content\/uploads\/2019\/07\/D_YgiIuXsAAbSkw-1068x598-768x430.jpg 768w, https:\/\/diariodigitalmx.com\/wp-content\/uploads\/2019\/07\/D_YgiIuXsAAbSkw-1068x598.jpg 1068w\" sizes=\"(max-width: 1024px) 100vw, 1024px\" \/><\/figure>\n\n\n\n<p>Miles de personas marcharon en la ciudad de Chicago, Estados Unidos, en se\u00f1al de protesta ante las redadas masivas de indocumentados, ordenadas por el Gobierno de Donald Trump, que comienzan este domingo.<br><\/p>\n\n\n\n<p>Los manifestantes se reunieron en la Plaza Daley en el centro de Chicago y recorrieron las calles de la ciudad estadounidense mientras portaban pancartas con mensajes como \u201cNing\u00fan ser humano es ilegal\u201c, \u201cDetengan las detenciones, bienvenidos inmigrantes\u201d y \u201cAbran las fronteras\u201c.<br><\/p>\n\n\n\n<p>Los organizadores de la marcha calculan que se congregaron alrededor de diez mil manifestantes y se\u00f1alaron que planeaban caminar hasta las oficinas de Inmigraci\u00f3n en el centro de la ciudad.<br><\/p>\n\n\n\n<p>Otro de los mensajes que portaron los asistentes fue \u201cCierren los campos de concentraci\u00f3n\u201c, en referencia a los centros de detenci\u00f3n en condiciones deplorables y de hacinamiento que fueron exhibidos en d\u00edas recientes.<\/p>\n\n\n\n<p><br><\/p>\n\n\n\n<figure class=\"wp-block-image\"><img loading=\"lazy\" decoding=\"async\" width=\"1024\" height=\"576\" src=\"http:\/\/diariodigitalmx.com\/wp-content\/uploads\/2019\/07\/D_Xe_ewXkAIWtz-1068x601-1024x576.jpg\" alt=\"\" class=\"wp-image-8039\" srcset=\"https:\/\/diariodigitalmx.com\/wp-content\/uploads\/2019\/07\/D_Xe_ewXkAIWtz-1068x601-1024x576.jpg 1024w, https:\/\/diariodigitalmx.com\/wp-content\/uploads\/2019\/07\/D_Xe_ewXkAIWtz-1068x601-300x169.jpg 300w, https:\/\/diariodigitalmx.com\/wp-content\/uploads\/2019\/07\/D_Xe_ewXkAIWtz-1068x601-768x432.jpg 768w, https:\/\/diariodigitalmx.com\/wp-content\/uploads\/2019\/07\/D_Xe_ewXkAIWtz-1068x601.jpg 1068w\" sizes=\"(max-width: 1024px) 100vw, 1024px\" \/><\/figure>\n\n\n\n<p>En la Plaza Daley hubo un mitin en el que participaron algunos pol\u00edticos como el congresista dem\u00f3crata Jes\u00fas \u201cChuy\u201d Garc\u00eda, quien envi\u00f3 un mensaje a Donald Trump \u201cdecirle a este presidente racista que que tiene que parar con la criminalizaci\u00f3n de los indocumentados\u201c, adem\u00e1s calific\u00f3 de crueles e inhumanas las acciones del Gobierno estadounidense.<br><\/p>\n\n\n\n<p>El inicio de las redadas masivas est\u00e1 anunciado para el d\u00eda de ma\u00f1ana y Chicago es una de las 10 ciudades en las que comenzar\u00edan. De acuerdo con informaci\u00f3n de autoridades migratorias estadounidenses, se prev\u00e9 que las operaciones se centren en Nueva York, Miami, Houston, Los \u00c1ngeles, San Francisco, Atlanta, Nueva Orleans, Baltimore y Denver.<\/p>\n","protected":false},"excerpt":{"rendered":"<p>&#8220;Ning\u00fan ser humano es ilegal&#8221; y &#8220;Detengan las detenciones&#8221; son algunos de los mensajes que portan los manifestantes; las acciones de detenci\u00f3n de indocumentados inician ma\u00f1ana en 10 ciudades de EU, entre ellas Miami, Houston, Nueva York y Los \u00c1ngeles Miles de personas marcharon en la ciudad de Chicago, Estados Unidos, en se\u00f1al de protesta [&hellip;]<\/p>\n","protected":false},"author":1,"featured_media":8036,"comment_status":"open","ping_status":"open","sticky":true,"template":"","format":"standard","meta":{"footnotes":""},"categories":[4],"tags":[],"_links":{"self":[{"href":"https:\/\/diariodigitalmx.com\/index.php\/wp-json\/wp\/v2\/posts\/8033"}],"collection":[{"href":"https:\/\/diariodigitalmx.com\/index.php\/wp-json\/wp\/v2\/posts"}],"about":[{"href":"https:\/\/diariodigitalmx.com\/index.php\/wp-json\/wp\/v2\/types\/post"}],"author":[{"embeddable":true,"href":"https:\/\/diariodigitalmx.com\/index.php\/wp-json\/wp\/v2\/users\/1"}],"replies":[{"embeddable":true,"href":"https:\/\/diariodigitalmx.com\/index.php\/wp-json\/wp\/v2\/comments?post=8033"}],"version-history":[{"count":4,"href":"https:\/\/diariodigitalmx.com\/index.php\/wp-json\/wp\/v2\/posts\/8033\/revisions"}],"predecessor-version":[{"id":8040,"href":"https:\/\/diariodigitalmx.com\/index.php\/wp-json\/wp\/v2\/posts\/8033\/revisions\/8040"}],"wp:featuredmedia":[{"embeddable":true,"href":"https:\/\/diariodigitalmx.com\/index.php\/wp-json\/wp\/v2\/media\/8036"}],"wp:attachment":[{"href":"https:\/\/diariodigitalmx.com\/index.php\/wp-json\/wp\/v2\/media?parent=8033"}],"wp:term":[{"taxonomy":"category","embeddable":true,"href":"https:\/\/diariodigitalmx.com\/index.php\/wp-json\/wp\/v2\/categories?post=8033"},{"taxonomy":"post_tag","embeddable":true,"href":"https:\/\/diariodigitalmx.com\/index.php\/wp-json\/wp\/v2\/tags?post=8033"}],"curies":[{"name":"wp","href":"https:\/\/api.w.org\/{rel}","templated":true}]}}